{"id":2132,"date":"2017-10-06T09:54:14","date_gmt":"2017-10-06T08:54:14","guid":{"rendered":"https:\/\/goulyzia.wordpress.com\/?p=2132"},"modified":"2023-06-04T16:33:17","modified_gmt":"2023-06-04T14:33:17","slug":"cpi-cette-collusion-politique-qui-sape-les-fondements-de-la-justice-internationale","status":"publish","type":"post","link":"https:\/\/goulyzia.net\/index.php\/2017\/10\/06\/cpi-cette-collusion-politique-qui-sape-les-fondements-de-la-justice-internationale\/","title":{"rendered":"CPI: cette collusion politique qui sape les fondements de la justice internationale"},"content":{"rendered":"<p>C&rsquo;est l&rsquo;histoire d&rsquo;un soldat qui par m\u00e9garde se tire une balle dans le pied, avant m\u00eame le d\u00e9but de l&rsquo;offensive contre l&rsquo;ennemi et doit tra\u00eener sa blessure tout au long des combats, avec la menace d&rsquo;une amputation avant le terme des hostilit\u00e9s. Un r\u00e9cit aux parfums all\u00e9goriques qui n&rsquo;est pas sans rappeler la gen\u00e8se de la Cour p\u00e9nale internationale.<\/p>\n<p><strong>Le ver est dans le fruit<\/strong><\/p>\n<p>Au lendemain de la deuxi\u00e8me guerre mondiale, la communaut\u00e9 internationale, traumatis\u00e9e par les atrocit\u00e9s des champs de batailles et les d\u00e9g\u00e2ts d&rsquo;id\u00e9ologies nazis et fascistes, \u00a0a voulu aller au del\u00e0 des tribunaux de vainqueurs de Nuremberg et Tokyo.<\/p>\n<p>Le corpus juridique r\u00e9glementant le droit de la guerre ou droit international humanitaire, c&rsquo;est \u00e0 dire la conduite des hostilit\u00e9s et la protection des civils, s&rsquo;est \u00e9toff\u00e9 au fur et \u00e0 mesure de nouvelles conventions sp\u00e9cifiques et protocoles additionnels.<\/p>\n<p>Le statut de Rome de 1998 instituant la Cour p\u00e9nale internationale \u00e9tait une victoire en soi.De nombreux juristes avaient critiqu\u00e9 le mode de saisine de cette juridiction internationale qui avait laiss\u00e9 glisser la possibilit\u00e9 d&rsquo;une saisine par le Conseil de s\u00e9curit\u00e9 de l&rsquo;ONU, organe hautement politique. En r\u00e9alit\u00e9, cette passerelle du droit faisait entrer insidieusement le ver dans le fruit. Les d\u00e9l\u00e9gations isra\u00e9liennes, chinoises, russes, am\u00e9ricaines ne se sont jamais appropri\u00e9es ce statut, faisant de cette juridiction un instrument \u00ab\u00a0mort-n\u00e9\u00a0\u00bb. A quoi servait une Cour qui serait incapable de juger parmi tant d&rsquo;exemples lugubres, le gros mensonge de Bush dans sa guerre de \u00a0\u00bb civilisation\u00a0\u00bb contre l&rsquo;Irak, et dont on sait aujourd&rsquo;hui que les fondements \u00e9taient manipul\u00e9s? Et bien \u00e0 \u00eatre le joker d&rsquo;une r\u00e9gulation g\u00e9opolitique des puissants de ce monde.<\/p>\n<p>La CPI a commenc\u00e9 fonctionn\u00e9 sans police propre, donc sans moyen de coercition, s&rsquo;en remettant \u00e0 l&rsquo;aimable coop\u00e9ration des Etats membres ou Etats ayant reconnu sa comp\u00e9tence; bien s\u00fbr quand cette comp\u00e9tence compl\u00e9mentaire ne rivalisait pas celle d&rsquo;une juridiction nationale.<\/p>\n<p>La CPI a fonctionn\u00e9 surtout avec les m\u00e9thodes du tr\u00e8s m\u00e9diatique et sulfureux procureur Louis Moreno Ocampo dont le modus operandi semble ne pas s&rsquo;\u00eatre dissoci\u00e9 de la gouvernance de la connivence, celle de l&rsquo;ombre qui pousse les pions.<\/p>\n<p><strong>Ce que d\u00e9montrent les r\u00e9v\u00e9lations de Mediapart\u00a0sur le cas Gbagbo<\/strong><\/p>\n<p>Jeudi, le site d&rsquo;investigations Mediapart a jet\u00e9 un pav\u00e9 dans la marre, en r\u00e9v\u00e9lant les tractations ayant conduit \u00e0 ce qu&rsquo;il est presque convenu d&rsquo;appeller la \u00ab\u00a0d\u00e9portation\u00a0\u00bb de l&rsquo;ancien pr\u00e9sident ivoirien \u00e0 la prison de Sheveningen. Un transf\u00e8rement d&rsquo;une vacuit\u00e9 juridique ahurissante, au moment de son ex\u00e9cution, selon les investigations du m\u00e9dia fran\u00e7ais.<\/p>\n<p>Pourquoi le cas de l&rsquo;ancien pr\u00e9sident ivoirien cristallise-t-il tant d&rsquo;attentions l\u00e0 o\u00f9 le Congolais Jean Pierre Bemba ou le Lib\u00e9rien Charles Taylor n&rsquo;attirent pas grande sympathie au del\u00e0 de leurs propres partisans? \u00a0L&rsquo;ancien vice-pr\u00e9sident congolais avait pourtant \u00e9t\u00e9 victime du l\u00e2chage de Joseph Kabila qui le voyait comme un encombrant co-g\u00e9rant du pouvoir \u00e0 Kinshasa.\u00a0L&rsquo;ancien pr\u00e9sident nig\u00e9rian Olusegun Obasanjo n&rsquo;avait pas r\u00e9sist\u00e9 aux pressions de la Communaut\u00e9 internationale et avait, \u00e0 son corps d\u00e9fendant livr\u00e9, pieds et poings li\u00e9s, Charles Taylor. Bemba et Taylor ne se sont jamais d\u00e9faits de leurs images de chefs militaires aux mains entach\u00e9es de sang.Les condamner pour l&rsquo;exemple semble avoir \u00e9t\u00e9 le fil rouge de toutes ces proc\u00e9dures judiciaires.<\/p>\n<p>Un parfum naus\u00e9eux de connivence \u00e0 grande \u00e9chelle entoure le cas de Laurent Gbagbo dont les d\u00e9tracteurs ont construit \u00e0 tort ou \u00e0 raison l&rsquo;image d&rsquo;un \u00ab\u00a0boucher\u00a0\u00bb et d&rsquo;un \u00ab\u00a0boulanger des lagunes\u00a0\u00bb. On ne refera pas l&rsquo;histoire r\u00e9cente de la C\u00f4te d&rsquo;Ivoire. On doit tout simplement tirer les enseignements des errements de chaque camp. Mais il faut reconna\u00eetre que c&rsquo;est in\u00e9dit et surr\u00e9aliste dans l&rsquo;histoire des contentieux \u00e9lectoraux dans le monde: un palais pr\u00e9sidentiel bombard\u00e9 six mois apr\u00e8s les r\u00e9sultats d\u00e9finitifs d&rsquo;un Conseil constitutionnel (certainement partisan au m\u00eame titre que la Commission \u00e9lectorale et qui aurait du annuler un second tour de pr\u00e9sidentielle aux allures de traquenard \u00e9lectoral pour \u00e9jecter l&rsquo;\u00e9l\u00e9ment le moins docile de l&rsquo;ar\u00e8ne politique ivoirienne)<\/p>\n<p><strong>La Cour p\u00e9nale m\u00e9rite d&rsquo;exister<\/strong><\/p>\n<p>\u00ab\u00a0Jeter le b\u00e9b\u00e9 et l&rsquo;eau du bain\u00a0\u00bb ne r\u00e9soudra pas grand-chose. Taxer de racisme \u00ab\u00a0noir\u00a0\u00bb la Cour quand les Africains continuent d&rsquo;\u00eatre des acteurs de crimes de guerre et crimes contre l&rsquo;humanit\u00e9 sur le continent est improductif. Rectifier le tir dans l&rsquo;approche lacunaire du procureur Fatou Bensouda, oui ! C&rsquo;est r\u00e9voltant par exemple de chercher \u00a0obstin\u00e9ment \u00e0 faire condamner Seif El Islam, le rejeton de Mouammar Kadhafi, sans engager la responsabilit\u00e9 indirecte ou \u00e0 tout le moins morale (m\u00eame si une Cour n&rsquo;est juge de la moralit\u00e9) de Nicolas Sarkozy et de son acolyte Bernard \u00a0Henry-L\u00e9vy qui ont d\u00e9figur\u00e9 impun\u00e9ment la Libye.<\/p>\n<p>La Cour se ridiculise elle-m\u00eame quand elle cherche \u00e0 mettre le grappin sur le Soudanais Omar El B\u00e9chir qui peut encore passer entre les mailles d&rsquo;un syst\u00e8me de coercition encore trop faible.<\/p>\n<p>Elle marque par contre de tr\u00e8s bons points quand, dans le premier proc\u00e8s pour destruction de biens culturels de son histoire, elle condamne le Touareg malien Ahmad Al Faqi Al Mahdi \u00e0 9 ans de prison et au versement de 2,7 millions d&rsquo;euros de r\u00e9parations pour destructions de mausol\u00e9es \u00e0 Tombouctou.<\/p>\n<p>Pour le cas Gbagbo, elle joue tout simplement sa cr\u00e9dibilit\u00e9 !<\/p>\n<h2><\/h2>\n","protected":false},"excerpt":{"rendered":"<p>C&rsquo;est l&rsquo;histoire d&rsquo;un soldat qui par m\u00e9garde se tire une balle dans le pied, avant m\u00eame le d\u00e9but de l&rsquo;offensive contre l&rsquo;ennemi et doit tra\u00eener sa blessure tout au long des combats, avec la menace d&rsquo;une amputation avant le terme des hostilit\u00e9s. Un r\u00e9cit aux parfums all\u00e9goriques qui n&rsquo;est pas sans rappeler la gen\u00e8se de [&hellip;]<\/p>\n","protected":false},"author":2,"featured_media":2305,"comment_status":"open","ping_status":"open","sticky":false,"template":"","format":"status","meta":{"footnotes":""},"categories":[8],"tags":[34,53],"class_list":["post-2132","post","type-post","status-publish","format-status","has-post-thumbnail","hentry","category-justice","tag-cpi","tag-laurent-gbagbo","post_format-post-format-status"],"_links":{"self":[{"href":"https:\/\/goulyzia.net\/index.php\/wp-json\/wp\/v2\/posts\/2132","targetHints":{"allow":["GET"]}}],"collection":[{"href":"https:\/\/goulyzia.net\/index.php\/wp-json\/wp\/v2\/posts"}],"about":[{"href":"https:\/\/goulyzia.net\/index.php\/wp-json\/wp\/v2\/types\/post"}],"author":[{"embeddable":true,"href":"https:\/\/goulyzia.net\/index.php\/wp-json\/wp\/v2\/users\/2"}],"replies":[{"embeddable":true,"href":"https:\/\/goulyzia.net\/index.php\/wp-json\/wp\/v2\/comments?post=2132"}],"version-history":[{"count":1,"href":"https:\/\/goulyzia.net\/index.php\/wp-json\/wp\/v2\/posts\/2132\/revisions"}],"predecessor-version":[{"id":4253,"href":"https:\/\/goulyzia.net\/index.php\/wp-json\/wp\/v2\/posts\/2132\/revisions\/4253"}],"wp:featuredmedia":[{"embeddable":true,"href":"https:\/\/goulyzia.net\/index.php\/wp-json\/wp\/v2\/media\/2305"}],"wp:attachment":[{"href":"https:\/\/goulyzia.net\/index.php\/wp-json\/wp\/v2\/media?parent=2132"}],"wp:term":[{"taxonomy":"category","embeddable":true,"href":"https:\/\/goulyzia.net\/index.php\/wp-json\/wp\/v2\/categories?post=2132"},{"taxonomy":"post_tag","embeddable":true,"href":"https:\/\/goulyzia.net\/index.php\/wp-json\/wp\/v2\/tags?post=2132"}],"curies":[{"name":"wp","href":"https:\/\/api.w.org\/{rel}","templated":true}]}}