{"id":2327,"date":"2017-10-16T12:55:49","date_gmt":"2017-10-16T11:55:49","guid":{"rendered":"https:\/\/goulyzia.wordpress.com\/?p=2327"},"modified":"2023-06-04T16:35:00","modified_gmt":"2023-06-04T14:35:00","slug":"terrorisme-cette-emotion-a-geometrie-variable-parlons-en","status":"publish","type":"post","link":"https:\/\/goulyzia.net\/index.php\/2017\/10\/16\/terrorisme-cette-emotion-a-geometrie-variable-parlons-en\/","title":{"rendered":"Terrorisme: cette \u00e9motion \u00e0 g\u00e9om\u00e9trie variable, parlons-en !"},"content":{"rendered":"<div class=\"\"><\/div>\n<div class=\"\">\n<div class=\"_1mf _1mj\">Pr\u00e8s de 300 morts\u00a0\u00e0 Mogadiscio dans un attentat dont le modus operandi est frapp\u00e9 du sceau des islamistes shebab ! l&rsquo;attentat le plus meurtrier de l&rsquo;histoire de la Somalie a droit \u00e0 quelques secondes dans un JT de grande audience sur des cha\u00eenes \u00e9trang\u00e8res.<\/div>\n<div><\/div>\n<div class=\"_1mf _1mj\">Et de nombreux Africains s&rsquo;indignent face \u00e0 la douleur s\u00e9lective des m\u00e9dias occidentaux. Mais que voulaient-ils? Une \u00e9dition sp\u00e9ciale sur la Somalie au nom du principe d&rsquo;une humanit\u00e9 triomphante?<\/div>\n<\/div>\n<div class=\"\">\n<div><\/div>\n<div class=\"_1mf _1mj\">Au nom de l&rsquo;humanit\u00e9 que nous partageons, tous les morts ont la m\u00eame valeur. C&rsquo;est bien compris!\u00a0 mais l\u00e0 n&rsquo;est pas le fil rouge de mon propos !<\/div>\n<\/div>\n<div><\/div>\n<div>S&rsquo;indigner d&rsquo;un traitement partiel et laconique des m\u00e9dias, c&rsquo;est conc\u00e9der le fait m\u00eame que ce sont les m\u00e9dias qui font l&rsquo;opinion, la fabriquent et qui orientent notre r\u00e9action.<\/div>\n<div class=\"\">\n<div><\/div>\n<div class=\"_1mf _1mj\">Les m\u00e9dias occidentaux sont le prolongement de la politique ext\u00e9rieure de leurs pays.\u00e7a beaucoup d&rsquo;Africains ne l&rsquo;ont pas encore int\u00e9gr\u00e9.<\/div>\n<div><\/div>\n<\/div>\n<div class=\"\">\n<div class=\"_1mf _1mj\">Les Africains veulent que le monde parle d&rsquo;eux sans se valoriser eux-m\u00eames \u00e0 l&rsquo;interne.<\/div>\n<\/div>\n<div class=\"\">\n<div class=\"_1mf _1mj\">Pourquoi les Africains pensent-ils que les autres doivent donner de l&rsquo;importance \u00e0 leurs probl\u00e8mes l\u00e0 o\u00f9 eux-m\u00eames pi\u00e9tinant leurs propres m\u00e9dias, comptent sur des m\u00e9dias \u00e9trangers pour faire \u00e9cho de leur v\u00e9cu?<\/div>\n<\/div>\n<div class=\"\">\n<div><\/div>\n<div class=\"_1mf _1mj\">Combien sont-ils ces intellectuels africains qui pour flatter leurs \u00e9gos d&rsquo;assimil\u00e9s et d&rsquo;extravertis culturels font des captures d&rsquo;\u00e9crans de leurs chroniques, interviews dans le Monde, Figaro ou lib\u00e9ration, croyant en ce moment-l\u00e0 \u00eatre au firmament de leur apog\u00e9e\u00a0 ou gloire intellectuelle ?<\/div>\n<div class=\"_1mf _1mj\"><\/div>\n<\/div>\n<div class=\"\">\n<div class=\"_1mf _1mj\">Ces m\u00eames intellectuels africains vous feront des mis\u00e8res quand vous les solliciterez pour une interview dans la presse locale.<\/div>\n<\/div>\n<div class=\"\">\n<div><\/div>\n<div class=\"_1mf _1mj\">Plut\u00f4t que de se plaindre d&rsquo;un tel traitement minor\u00e9, il faudrait penser \u00e0 donner de l&rsquo;influence aux m\u00e9dias africains.Si les m\u00e9c\u00e8nes africains, les industriels, les hommes d&rsquo;affaires ne s&rsquo;y mettent pas, ce sont les politiques, les chefs d&rsquo;Etats qui le feront \u00e0 leur place pour un r\u00e9sultat mitig\u00e9 comme celui qu&rsquo;il est donn\u00e9 de voir dans la nomenclature des m\u00e9dias afro existants.<\/div>\n<div><\/div>\n<div class=\"_1mf _1mj\">Tout est dans l&rsquo;influence.<\/div>\n<\/div>\n","protected":false},"excerpt":{"rendered":"<p>Pr\u00e8s de 300 morts\u00a0\u00e0 Mogadiscio dans un attentat dont le modus operandi est frapp\u00e9 du sceau des islamistes shebab ! l&rsquo;attentat le plus meurtrier de l&rsquo;histoire de la Somalie a droit \u00e0 quelques secondes dans un JT de grande audience sur des cha\u00eenes \u00e9trang\u00e8res. Et de nombreux Africains s&rsquo;indignent face \u00e0 la douleur s\u00e9lective des [&hellip;]<\/p>\n","protected":false},"author":2,"featured_media":2349,"comment_status":"open","ping_status":"open","sticky":false,"template":"","format":"status","meta":{"footnotes":""},"categories":[12],"tags":[83,87,89],"class_list":["post-2327","post","type-post","status-publish","format-status","has-post-thumbnail","hentry","category-securite","tag-shebab","tag-somalie","tag-terrorisme","post_format-post-format-status"],"_links":{"self":[{"href":"https:\/\/goulyzia.net\/index.php\/wp-json\/wp\/v2\/posts\/2327","targetHints":{"allow":["GET"]}}],"collection":[{"href":"https:\/\/goulyzia.net\/index.php\/wp-json\/wp\/v2\/posts"}],"about":[{"href":"https:\/\/goulyzia.net\/index.php\/wp-json\/wp\/v2\/types\/post"}],"author":[{"embeddable":true,"href":"https:\/\/goulyzia.net\/index.php\/wp-json\/wp\/v2\/users\/2"}],"replies":[{"embeddable":true,"href":"https:\/\/goulyzia.net\/index.php\/wp-json\/wp\/v2\/comments?post=2327"}],"version-history":[{"count":1,"href":"https:\/\/goulyzia.net\/index.php\/wp-json\/wp\/v2\/posts\/2327\/revisions"}],"predecessor-version":[{"id":4255,"href":"https:\/\/goulyzia.net\/index.php\/wp-json\/wp\/v2\/posts\/2327\/revisions\/4255"}],"wp:featuredmedia":[{"embeddable":true,"href":"https:\/\/goulyzia.net\/index.php\/wp-json\/wp\/v2\/media\/2349"}],"wp:attachment":[{"href":"https:\/\/goulyzia.net\/index.php\/wp-json\/wp\/v2\/media?parent=2327"}],"wp:term":[{"taxonomy":"category","embeddable":true,"href":"https:\/\/goulyzia.net\/index.php\/wp-json\/wp\/v2\/categories?post=2327"},{"taxonomy":"post_tag","embeddable":true,"href":"https:\/\/goulyzia.net\/index.php\/wp-json\/wp\/v2\/tags?post=2327"}],"curies":[{"name":"wp","href":"https:\/\/api.w.org\/{rel}","templated":true}]}}