{"id":2794,"date":"2018-09-12T08:48:48","date_gmt":"2018-09-12T07:48:48","guid":{"rendered":"https:\/\/goulyzia.wordpress.com\/?p=2794"},"modified":"2023-05-20T20:45:01","modified_gmt":"2023-05-20T18:45:01","slug":"cote-divoire-95-milliards-de-fcfa-pour-luniversite-de-san-pedro","status":"publish","type":"post","link":"https:\/\/goulyzia.net\/index.php\/2018\/09\/12\/cote-divoire-95-milliards-de-fcfa-pour-luniversite-de-san-pedro\/","title":{"rendered":"C\u00f4te d&rsquo;Ivoire: 95 milliards de FCFA pour l&rsquo;universit\u00e9 de San Pedro"},"content":{"rendered":"<p>Que Madani Tall, ex directeur des op\u00e9rations de la Banque mondiale pour la C\u00f4te d&rsquo;Ivoire, se voit octroy\u00e9 \u00e0 lui et \u00e0 sa structure Envol Immobilier le march\u00e9 de la construction de l&rsquo;Universit\u00e9 de San Pedro, deuxi\u00e8me ville portuaire ivoirienne, cela va de soi ! C&rsquo;est une belle offrande et un tour de passe-passe g\u00e9n\u00e9reux entre banquiers de haut vol. On a tout compris. Que dire? Il y a plus grave que \u00e7a sur les terres d&rsquo;Houphouet Boigny!<\/p>\n<p>Gr\u00e9 \u00e0 gr\u00e9 ou pas, que peuvent les pauvres voix de la d\u00e9nonciation&nbsp; face \u00e0 l&rsquo;oligarchie financi\u00e8re incarn\u00e9e par le pr\u00e9sident Ouattara? Que chacun se serve ! On ne fera pas la le\u00e7on aux donneurs de le\u00e7ons de la Banque mondiale et du FMI reconvertis en inv\u00e9t\u00e9r\u00e9s hommes d&rsquo;affaires. Madani Tall n&rsquo;est pas le seul. Il re\u00e7oit sa r\u00e9compense pour \u00ab\u00a0bons et loyaux services rendus\u00a0\u00bb \u00e0 la C\u00f4te d&rsquo;Ivoire. Et il ne faut pas compter sur lui non plus pour cracher dans la soupe !<\/p>\n<p>Pour ma part, je f\u00e9licite le gouvernement ivoirien. C&rsquo;est un projet majeur pour ma ville San Pedro. Une universit\u00e9 sp\u00e9cialis\u00e9e dans la construction navale, le g\u00e9nie civil le tourisme, pour le premier port d&rsquo;exportation au monde du cacao et la premi\u00e8re r\u00e9gion touristique de C\u00f4te d&rsquo;Ivoire. Cela faisait longtemps qu&rsquo;on attendait cela! Rendez vous \u00e0 la rentr\u00e9e 2020 pour constater la mat\u00e9rialit\u00e9 du projet !<\/p>\n","protected":false},"excerpt":{"rendered":"<p>Que Madani Tall, ex directeur des op\u00e9rations de la Banque mondiale pour la C\u00f4te d&rsquo;Ivoire, se voit octroy\u00e9 \u00e0 lui et \u00e0 sa structure Envol Immobilier le march\u00e9 de la construction de l&rsquo;Universit\u00e9 de San Pedro, deuxi\u00e8me ville portuaire ivoirienne, cela va de soi ! C&rsquo;est une belle offrande et un tour de passe-passe g\u00e9n\u00e9reux [&hellip;]<\/p>\n","protected":false},"author":2,"featured_media":2797,"comment_status":"open","ping_status":"open","sticky":false,"template":"","format":"standard","meta":{"footnotes":""},"categories":[5,6],"tags":[33,57,78],"class_list":["post-2794","post","type-post","status-publish","format-standard","has-post-thumbnail","hentry","category-economie","category-education","tag-cote-divoire","tag-madani-tall","tag-san-pedro"],"_links":{"self":[{"href":"https:\/\/goulyzia.net\/index.php\/wp-json\/wp\/v2\/posts\/2794","targetHints":{"allow":["GET"]}}],"collection":[{"href":"https:\/\/goulyzia.net\/index.php\/wp-json\/wp\/v2\/posts"}],"about":[{"href":"https:\/\/goulyzia.net\/index.php\/wp-json\/wp\/v2\/types\/post"}],"author":[{"embeddable":true,"href":"https:\/\/goulyzia.net\/index.php\/wp-json\/wp\/v2\/users\/2"}],"replies":[{"embeddable":true,"href":"https:\/\/goulyzia.net\/index.php\/wp-json\/wp\/v2\/comments?post=2794"}],"version-history":[{"count":1,"href":"https:\/\/goulyzia.net\/index.php\/wp-json\/wp\/v2\/posts\/2794\/revisions"}],"predecessor-version":[{"id":4174,"href":"https:\/\/goulyzia.net\/index.php\/wp-json\/wp\/v2\/posts\/2794\/revisions\/4174"}],"wp:featuredmedia":[{"embeddable":true,"href":"https:\/\/goulyzia.net\/index.php\/wp-json\/wp\/v2\/media\/2797"}],"wp:attachment":[{"href":"https:\/\/goulyzia.net\/index.php\/wp-json\/wp\/v2\/media?parent=2794"}],"wp:term":[{"taxonomy":"category","embeddable":true,"href":"https:\/\/goulyzia.net\/index.php\/wp-json\/wp\/v2\/categories?post=2794"},{"taxonomy":"post_tag","embeddable":true,"href":"https:\/\/goulyzia.net\/index.php\/wp-json\/wp\/v2\/tags?post=2794"}],"curies":[{"name":"wp","href":"https:\/\/api.w.org\/{rel}","templated":true}]}}