{"id":2894,"date":"2018-12-15T10:55:10","date_gmt":"2018-12-15T09:55:10","guid":{"rendered":"https:\/\/goulyzia.wordpress.com\/?p=2894"},"modified":"2023-05-20T20:30:35","modified_gmt":"2023-05-20T18:30:35","slug":"cpi-lheresie-populaire-est-preferable-a-la-confiscation-de-lautodetermination","status":"publish","type":"post","link":"https:\/\/goulyzia.net\/index.php\/2018\/12\/15\/cpi-lheresie-populaire-est-preferable-a-la-confiscation-de-lautodetermination\/","title":{"rendered":"CPI: L&rsquo;h\u00e9r\u00e9sie populaire est pr\u00e9f\u00e9rable \u00e0 la confiscation de l&rsquo;autod\u00e9termination"},"content":{"rendered":"<div class=\"\" data-block=\"true\" data-editor=\"16i7l\" data-offset-key=\"sv1r-0-0\">\n<div class=\"_1mf _1mj\" data-offset-key=\"sv1r-0-0\"><span data-offset-key=\"sv1r-0-0\">L&rsquo;engouement frise l&rsquo;ubuesque autour d&rsquo;une lib\u00e9ration m\u00eame provisoire de l&rsquo;ancien pr\u00e9sident ivoirien. Sera t-il lib\u00e9r\u00e9 ou pas? Au del\u00e0 de l&rsquo;\u00e9motion, ce d\u00e9cha\u00eenement de passions laisse perplexe pour celui que l&rsquo;opposition ivoirienne -relay\u00e9e en cela par le raccourci amplifiant du procureur de la Cour p\u00e9nale internationale &#8211; a pr\u00e9sent\u00e9 \u00e0 l&rsquo;\u00e9poque comme \u00ab\u00a0le Hitler noir\u00a0\u00bb, \u00ab\u00a0le boucher des Lagunes\u00a0\u00bb, \u00ab\u00a0un dictateur sanguinaire auteur d&rsquo;un plan commun pour exterminer une partie de sa population\u00a0\u00bb.\u00a0 Une bonne partie de la population ivoirienne serait-elle alors frapp\u00e9e de schizophr\u00e9nie au point de r\u00e9clamer son tyran?<\/span><\/div>\n<\/div>\n<div class=\"\" data-block=\"true\" data-editor=\"16i7l\" data-offset-key=\"19hp8-0-0\">\n<div class=\"_1mf _1mj\" data-offset-key=\"19hp8-0-0\"><span data-offset-key=\"19hp8-0-0\">A l&rsquo;analyse, ce qui se joue \u00e0 La Haye, ce n&rsquo;est pas tant l&rsquo;avenir d&rsquo;un homme politique encore moins d&rsquo;une formation d&rsquo;opposition englu\u00e9e dans ses propres errements.<\/span><\/div>\n<div class=\"_1mf _1mj\" data-offset-key=\"19hp8-0-0\"><span data-offset-key=\"19hp8-0-0\"> Ce qui se joue \u00e0 La Haye, c&rsquo;est la conviction d&rsquo;une conscience de l&rsquo;autod\u00e9termination des peuples. C&rsquo;est \u00e0 dire du droit des peuples \u00e0 d\u00e9cider de qui peut ou qui doit les diriger. Autant l&rsquo;arr\u00eat du 27 juin 1986 de la Cour internationale de Justice opposant le Nicaragua aux USA a transfigur\u00e9 l&rsquo;image de cette juridiction internationale aupr\u00e8s des pays du Sud, autant la d\u00e9cision d&rsquo;un acquittement de l&rsquo;ancien pr\u00e9sident ivoirien Laurent Gbagbo par la CPI engage la cr\u00e9dibilit\u00e9 de la juridiction p\u00e9nale. L&rsquo;ancien pr\u00e9sident libre,\u00a0 ce ne sera pas pour un remake de la pr\u00e9sidentielle de 2010 comme le r\u00eavent ses partisans les plus caciques. De toute fa\u00e7on, trois d\u00e9cennies de crise devront \u00eatre sold\u00e9es. Mais ni par les urnes encore moins par les armes. La lib\u00e9ration de Laurent Gbagbo, c&rsquo;est pour une catharsis de la C\u00f4te d&rsquo;Ivoire, celle qui veut continuer \u00e0 se construire avec tous ses fils. Il est clair que cette C\u00f4te d&rsquo;Ivoire rassembl\u00e9e, tous n&rsquo;en veulent pas non plus. Ou du moins du bout des l\u00e8vres.<\/span><\/div>\n<div data-offset-key=\"19hp8-0-0\">Et pour tous ceux qui auraient peur d&rsquo;un retour de l&rsquo;ancien pr\u00e9sident ivoirien dans l&rsquo;ar\u00e8ne politique, Toussaint Louverture est l\u00e0 pour rappeler qu&rsquo;on ne peut pas embastiller un esprit<\/div>\n<div data-offset-key=\"19hp8-0-0\"><em>\u00ab\u00a0En me renversant, on n&rsquo;a abattu \u00e0 Saint-Domingue que le tronc de l&rsquo;arbre de la libert\u00e9, mais il repoussera car ses racines sont profondes et nombreuses\u00a0\u00bb.<\/em><\/div>\n<div data-offset-key=\"19hp8-0-0\"><\/div>\n<\/div>\n","protected":false},"excerpt":{"rendered":"<p>L&rsquo;engouement frise l&rsquo;ubuesque autour d&rsquo;une lib\u00e9ration m\u00eame provisoire de l&rsquo;ancien pr\u00e9sident ivoirien. Sera t-il lib\u00e9r\u00e9 ou pas? Au del\u00e0 de l&rsquo;\u00e9motion, ce d\u00e9cha\u00eenement de passions laisse perplexe pour celui que l&rsquo;opposition ivoirienne -relay\u00e9e en cela par le raccourci amplifiant du procureur de la Cour p\u00e9nale internationale &#8211; a pr\u00e9sent\u00e9 \u00e0 l&rsquo;\u00e9poque comme \u00ab\u00a0le Hitler noir\u00a0\u00bb, [&hellip;]<\/p>\n","protected":false},"author":2,"featured_media":2899,"comment_status":"open","ping_status":"open","sticky":false,"template":"","format":"standard","meta":{"footnotes":""},"categories":[4,8,11],"tags":[33,34,53],"class_list":["post-2894","post","type-post","status-publish","format-standard","has-post-thumbnail","hentry","category-diplomatie","category-justice","category-politique","tag-cote-divoire","tag-cpi","tag-laurent-gbagbo"],"_links":{"self":[{"href":"https:\/\/goulyzia.net\/index.php\/wp-json\/wp\/v2\/posts\/2894","targetHints":{"allow":["GET"]}}],"collection":[{"href":"https:\/\/goulyzia.net\/index.php\/wp-json\/wp\/v2\/posts"}],"about":[{"href":"https:\/\/goulyzia.net\/index.php\/wp-json\/wp\/v2\/types\/post"}],"author":[{"embeddable":true,"href":"https:\/\/goulyzia.net\/index.php\/wp-json\/wp\/v2\/users\/2"}],"replies":[{"embeddable":true,"href":"https:\/\/goulyzia.net\/index.php\/wp-json\/wp\/v2\/comments?post=2894"}],"version-history":[{"count":1,"href":"https:\/\/goulyzia.net\/index.php\/wp-json\/wp\/v2\/posts\/2894\/revisions"}],"predecessor-version":[{"id":4168,"href":"https:\/\/goulyzia.net\/index.php\/wp-json\/wp\/v2\/posts\/2894\/revisions\/4168"}],"wp:featuredmedia":[{"embeddable":true,"href":"https:\/\/goulyzia.net\/index.php\/wp-json\/wp\/v2\/media\/2899"}],"wp:attachment":[{"href":"https:\/\/goulyzia.net\/index.php\/wp-json\/wp\/v2\/media?parent=2894"}],"wp:term":[{"taxonomy":"category","embeddable":true,"href":"https:\/\/goulyzia.net\/index.php\/wp-json\/wp\/v2\/categories?post=2894"},{"taxonomy":"post_tag","embeddable":true,"href":"https:\/\/goulyzia.net\/index.php\/wp-json\/wp\/v2\/tags?post=2894"}],"curies":[{"name":"wp","href":"https:\/\/api.w.org\/{rel}","templated":true}]}}