{"id":2940,"date":"2019-03-30T19:21:22","date_gmt":"2019-03-30T18:21:22","guid":{"rendered":"https:\/\/goulyzia.wordpress.com\/?p=2940"},"modified":"2023-05-20T20:19:03","modified_gmt":"2023-05-20T18:19:03","slug":"france-senegal-le-lapsus-revelateur-du-ministre-des-finances-amadou-ba","status":"publish","type":"post","link":"https:\/\/goulyzia.net\/index.php\/2019\/03\/30\/france-senegal-le-lapsus-revelateur-du-ministre-des-finances-amadou-ba\/","title":{"rendered":"France- S\u00e9n\u00e9gal: le lapsus r\u00e9v\u00e9lateur du ministre des finances Amadou Ba"},"content":{"rendered":"<p>Il est des lapsus qui \u00e0 eux seuls sont plus probants que mille pages de r\u00e9criminations. Celui de l&rsquo;argentier s\u00e9n\u00e9galais devant son homologue fran\u00e7ais en visite \u00e0 Dakar pour le lancement de l&rsquo;initiative \u00ab\u00a0choose Africa\u00a0\u00bb en direction des TPE-PME africaines en est l&rsquo;\u00e9loquente illustration.\u00a0 2,5 milliards d&rsquo;euros\u00a0 mis sur la table par la France ! De quoi faire sursauter de joie Amadou Ba qui dans un \u00e9lan dithyrambique lancera:<br \/>\n\u00a0\u00bb Le S\u00e9n\u00e9gal est le premier pays fran\u00e7ais\u00a0\u00bb, pour dire que le pays de la Teranga est le premier pays africain \u00e0 b\u00e9n\u00e9ficier d&rsquo;un appui direct du Tr\u00e9sor fran\u00e7ais.\u00a0 Et Bruno Lemaire d&rsquo;ajouter \u00a0\u00bb c&rsquo;est faux de dire que le FCFA n&rsquo;est pas un bon mod\u00e8le\u00a0\u00bb.<\/p>\n<p>Oui bien s\u00fbr tant que les entreprises fran\u00e7aises peuvent toujours rapatrier leurs b\u00e9n\u00e9fices sans pesanteur de convertibilit\u00e9 et que la moiti\u00e9 des exportations en devises des ex-colonies peut \u00eatre retenue comme r\u00e9serve au Tr\u00e9sor fran\u00e7ais.<\/p>\n<p>Bravo messieurs pour ces \u00e9changes de bons proc\u00e9d\u00e9s entre \u00e9lites dominantes et \u00e9lites domin\u00e9es. On vous a compris. Mais ce paradigme touche \u00e0 sa fin.<\/p>\n","protected":false},"excerpt":{"rendered":"<p>Il est des lapsus qui \u00e0 eux seuls sont plus probants que mille pages de r\u00e9criminations. Celui de l&rsquo;argentier s\u00e9n\u00e9galais devant son homologue fran\u00e7ais en visite \u00e0 Dakar pour le lancement de l&rsquo;initiative \u00ab\u00a0choose Africa\u00a0\u00bb en direction des TPE-PME africaines en est l&rsquo;\u00e9loquente illustration.\u00a0 2,5 milliards d&rsquo;euros\u00a0 mis sur la table par la France ! [&hellip;]<\/p>\n","protected":false},"author":2,"featured_media":2942,"comment_status":"open","ping_status":"open","sticky":false,"template":"","format":"standard","meta":{"footnotes":""},"categories":[4,5],"tags":[],"class_list":["post-2940","post","type-post","status-publish","format-standard","has-post-thumbnail","hentry","category-diplomatie","category-economie"],"_links":{"self":[{"href":"https:\/\/goulyzia.net\/index.php\/wp-json\/wp\/v2\/posts\/2940","targetHints":{"allow":["GET"]}}],"collection":[{"href":"https:\/\/goulyzia.net\/index.php\/wp-json\/wp\/v2\/posts"}],"about":[{"href":"https:\/\/goulyzia.net\/index.php\/wp-json\/wp\/v2\/types\/post"}],"author":[{"embeddable":true,"href":"https:\/\/goulyzia.net\/index.php\/wp-json\/wp\/v2\/users\/2"}],"replies":[{"embeddable":true,"href":"https:\/\/goulyzia.net\/index.php\/wp-json\/wp\/v2\/comments?post=2940"}],"version-history":[{"count":1,"href":"https:\/\/goulyzia.net\/index.php\/wp-json\/wp\/v2\/posts\/2940\/revisions"}],"predecessor-version":[{"id":4159,"href":"https:\/\/goulyzia.net\/index.php\/wp-json\/wp\/v2\/posts\/2940\/revisions\/4159"}],"wp:featuredmedia":[{"embeddable":true,"href":"https:\/\/goulyzia.net\/index.php\/wp-json\/wp\/v2\/media\/2942"}],"wp:attachment":[{"href":"https:\/\/goulyzia.net\/index.php\/wp-json\/wp\/v2\/media?parent=2940"}],"wp:term":[{"taxonomy":"category","embeddable":true,"href":"https:\/\/goulyzia.net\/index.php\/wp-json\/wp\/v2\/categories?post=2940"},{"taxonomy":"post_tag","embeddable":true,"href":"https:\/\/goulyzia.net\/index.php\/wp-json\/wp\/v2\/tags?post=2940"}],"curies":[{"name":"wp","href":"https:\/\/api.w.org\/{rel}","templated":true}]}}