{"id":3014,"date":"2019-09-18T23:17:44","date_gmt":"2019-09-18T22:17:44","guid":{"rendered":"https:\/\/goulyzia.wordpress.com\/?p=3014"},"modified":"2023-05-20T20:12:53","modified_gmt":"2023-05-20T18:12:53","slug":"19-septembre-2002-17-ans-apres-la-rebellion-ivoirienne","status":"publish","type":"post","link":"https:\/\/goulyzia.net\/index.php\/2019\/09\/18\/19-septembre-2002-17-ans-apres-la-rebellion-ivoirienne\/","title":{"rendered":"19 septembre 2002: 17 ans apr\u00e8s la r\u00e9bellion ivoirienne"},"content":{"rendered":"<div class=\"\">\n<div class=\"_1mf _1mj\"><\/div>\n<\/div>\n<div class=\"\">\n<div class=\"_1mf _1mj\">Que peuvent bien nous enseigner les archives et l&rsquo;\u00e9volution de cette balafre historique?<\/div>\n<\/div>\n<div class=\"\">\n<div class=\"_1mf _1mj\">D&rsquo;abord, on a beau lui apposer un vernis de l\u00e9gitimit\u00e9 identitaire,l&rsquo;imposition de la d\u00e9mocratie par les armes est une vaine entreprise qui d\u00e9vore, au profit de financiers occultes et putatifs, ses propres enfants qui en savent un peu trop .<\/div>\n<\/div>\n<div class=\"\">\n<div class=\"_1mf _1mj\">Ensuite, il n&rsquo;y a aucune fiert\u00e9 \u00e0 se vanter d&rsquo;un naufrage moral collectif qui a produit des anti-valeurs dans tous les camps.Ils ont aujourd&rsquo;hui tous d\u00e9chant\u00e9 tous ceux qui avaient fait du 19 septembre 2002 et du 11 avril 2011 ( date de l&rsquo;arrestation par les gendarmes fran\u00e7ais de l&rsquo;ancien pr\u00e9sident ivoirien) deux dates de l&rsquo;histoire d\u00e9mocratique du pays. C&rsquo;\u00e9tait faux !<\/div>\n<\/div>\n<div class=\"\">\n<div class=\"_1mf _1mj\">Mais, quand on a fini de dire tout \u00e7a, on doit se convaincre qu&rsquo;on n&rsquo; a pas non plus le droit de demeurer dans une posture statique et transmettre la haine aux g\u00e9n\u00e9rations \u00e0 venir. Quand l&rsquo;imposture actuelle se sera prise \u00e0 son propre pi\u00e8ge boulimique, il faudra bien que les Ivoiriens exp\u00e9rimentent \u00e0 nouveau le vivre ensemble ! La patrie de la vraie fraternit\u00e9 reprendra alors toutes ses couleurs!<\/div>\n<\/div>\n","protected":false},"excerpt":{"rendered":"<p>Que peuvent bien nous enseigner les archives et l&rsquo;\u00e9volution de cette balafre historique? D&rsquo;abord, on a beau lui apposer un vernis de l\u00e9gitimit\u00e9 identitaire,l&rsquo;imposition de la d\u00e9mocratie par les armes est une vaine entreprise qui d\u00e9vore, au profit de financiers occultes et putatifs, ses propres enfants qui en savent un peu trop . Ensuite, il [&hellip;]<\/p>\n","protected":false},"author":2,"featured_media":3017,"comment_status":"open","ping_status":"open","sticky":false,"template":"","format":"standard","meta":{"footnotes":""},"categories":[11],"tags":[33],"class_list":["post-3014","post","type-post","status-publish","format-standard","has-post-thumbnail","hentry","category-politique","tag-cote-divoire"],"_links":{"self":[{"href":"https:\/\/goulyzia.net\/index.php\/wp-json\/wp\/v2\/posts\/3014","targetHints":{"allow":["GET"]}}],"collection":[{"href":"https:\/\/goulyzia.net\/index.php\/wp-json\/wp\/v2\/posts"}],"about":[{"href":"https:\/\/goulyzia.net\/index.php\/wp-json\/wp\/v2\/types\/post"}],"author":[{"embeddable":true,"href":"https:\/\/goulyzia.net\/index.php\/wp-json\/wp\/v2\/users\/2"}],"replies":[{"embeddable":true,"href":"https:\/\/goulyzia.net\/index.php\/wp-json\/wp\/v2\/comments?post=3014"}],"version-history":[{"count":1,"href":"https:\/\/goulyzia.net\/index.php\/wp-json\/wp\/v2\/posts\/3014\/revisions"}],"predecessor-version":[{"id":4151,"href":"https:\/\/goulyzia.net\/index.php\/wp-json\/wp\/v2\/posts\/3014\/revisions\/4151"}],"wp:featuredmedia":[{"embeddable":true,"href":"https:\/\/goulyzia.net\/index.php\/wp-json\/wp\/v2\/media\/3017"}],"wp:attachment":[{"href":"https:\/\/goulyzia.net\/index.php\/wp-json\/wp\/v2\/media?parent=3014"}],"wp:term":[{"taxonomy":"category","embeddable":true,"href":"https:\/\/goulyzia.net\/index.php\/wp-json\/wp\/v2\/categories?post=3014"},{"taxonomy":"post_tag","embeddable":true,"href":"https:\/\/goulyzia.net\/index.php\/wp-json\/wp\/v2\/tags?post=3014"}],"curies":[{"name":"wp","href":"https:\/\/api.w.org\/{rel}","templated":true}]}}