{"id":3046,"date":"2019-11-24T15:50:34","date_gmt":"2019-11-24T14:50:34","guid":{"rendered":"https:\/\/goulyzia.wordpress.com\/?p=3046"},"modified":"2023-05-20T20:10:30","modified_gmt":"2023-05-20T18:10:30","slug":"cote-divoire-2020-une-affaire-generationnelle","status":"publish","type":"post","link":"https:\/\/goulyzia.net\/index.php\/2019\/11\/24\/cote-divoire-2020-une-affaire-generationnelle\/","title":{"rendered":"C\u00f4te d&rsquo;Ivoire\/2020: une affaire  g\u00e9n\u00e9rationnelle?"},"content":{"rendered":"\n<p>Sans ambages, ma r\u00e9ponse est n\u00e9gative !<\/p>\n\n\n\n<p>J&rsquo;ai pris d\u00e9finitivement mes distances avec l&rsquo;id\u00e9e d&rsquo;une transmission g\u00e9n\u00e9rationnelle du pouvoir en C\u00f4te d&rsquo;Ivoire. Ce n&rsquo;est pas cela l&rsquo;enjeu de la pr\u00e9sidentielle de 2020. L&rsquo;enjeu, c&rsquo;est de sortir de l&rsquo;autocratie install\u00e9e par une certaine \u00e9lite fran\u00e7aise \u00e0 coups de canons et au prix du sang innocent d&rsquo;Ivoiriens. Mais comment y parvenir d&rsquo;autant plus qu&rsquo;on ne se d\u00e9barrasse pas d&rsquo;une classe politique par d\u00e9cret?<\/p>\n\n\n\n<p>C&rsquo;est pourquoi cette image de Guillaume Soro et Bl\u00e9 Goud\u00e9 me parle!<\/p>\n\n\n\n<p>D&#8217;embl\u00e9e, soyons francs avec nous-m\u00eames : si la crise ivoirienne devait se r\u00e9soudre sous le prisme d&rsquo;un barom\u00e8tre d&rsquo;accolades chaleureuses, on le saurait depuis ! Et on aurait \u00e9pargn\u00e9 les 3000 vies et m\u00eame plus de la crise post\u00e9lectorale ainsi que tous les morts enregistr\u00e9s depuis l&rsquo;\u00e9clatement de la r\u00e9bellion de 2002.<\/p>\n\n\n\n<p>Par contre, la rencontre sur une terre \u00e9trang\u00e8re (La Haye, terre historique du droit international, de n\u00e9gociation de trait\u00e9s historiques qui nous rappelle que toute bellig\u00e9rance a une fin par le dialogue ) d&rsquo;anciens bras s\u00e9culiers des protagonistes de la crise ivoirienne ne peut laisser personne indiff\u00e9rent !<\/p>\n\n\n\n<figure class=\"wp-block-image size-large\"><img decoding=\"async\" src=\"http:\/\/sesafrique.site\/wp-content\/uploads\/2019\/11\/soro-blc3a9-2.jpg?w=338\" alt=\"\" class=\"wp-image-3051\"\/><\/figure>\n\n\n\n<p>D&rsquo;un c\u00f4t\u00e9, Guillaume Soro, chef assum\u00e9 de l&rsquo;ex-r\u00e9bellion ivoirienne qui a install\u00e9 au pouvoir Alassane Ouattara avec le pr\u00e9cieux soutien de gendarmes fran\u00e7ais hyper-entra\u00een\u00e9s et de r\u00e9seaux diplomatiques acquis \u00e0 sa cause !<\/p>\n\n\n\n<p>De l&rsquo;autre, Bl\u00e9 Goud\u00e9, ic\u00f4ne d&rsquo;un r\u00e9veil patriotique souvent galvaud\u00e9 dans le feu de l&rsquo;action, tribun inv\u00e9t\u00e9r\u00e9 plus proche de Laurent Gbagbo que de l&rsquo;appareil du Front populaire ivoirien avec lequel il semble s&rsquo;affranchir de toute consigne partisane.<\/p>\n\n\n\n<p>Une chose est certaine: l&rsquo;image fait bouger Abidjan.<\/p>\n\n\n\n<p>Il y a ceux pour qui les comptes de la crise post\u00e9lectorale ne sont pas sold\u00e9s et qui seront en toute l\u00e9gitimit\u00e9 indign\u00e9s en pensant aux nombreux morts inutiles dans chaque camp. Ceux-l\u00e0 crieront trahison !<\/p>\n\n\n\n<p>Il y a ceux qui n&rsquo;y verront que de la strat\u00e9gie politique et m\u00e9diatique d&rsquo;un ancien camarade syndicaliste qui a d\u00e9sormais le dos au mur , accul\u00e9 par ses anciens mandants. A ceux-l\u00e0, il faut peut-\u00eatre r\u00e9pondre que le gain politique de cette rencontre est partag\u00e9 au moment o\u00f9 la procureure de la CPI veut sauver sa face au moyen d&rsquo;un dernier baroud d&rsquo;honneur.<\/p>\n\n\n\n<p>Et Il y a ceux qui, comme moi, pensent que les deux produits les plus m\u00e9diatiques de la balbutiante d\u00e9mocratie ivoirienne n&rsquo;ont pas le droit de l\u00e9guer par procuration leur haine et leurs schismes id\u00e9ologique et factuel aux plus jeunes. Et qu&rsquo;ils doivent transcender les contradictions pu\u00e9rils de leurs a\u00een\u00e9s politiques.<\/p>\n\n\n\n<p>De l\u00e0 \u00e0 penser que le prochain patron de l&rsquo;ex\u00e9cutif ivoirien (en 2020) se trouve- sur cette photo, je ne franchirai pas le pas. C&rsquo;est une autre paire de manches !<\/p>\n\n\n\n<p>&nbsp;<\/p>\n","protected":false},"excerpt":{"rendered":"<p>Sans ambages, ma r\u00e9ponse est n\u00e9gative ! J&rsquo;ai pris d\u00e9finitivement mes distances avec l&rsquo;id\u00e9e d&rsquo;une transmission g\u00e9n\u00e9rationnelle du pouvoir en C\u00f4te d&rsquo;Ivoire. Ce n&rsquo;est pas cela l&rsquo;enjeu de la pr\u00e9sidentielle de 2020. L&rsquo;enjeu, c&rsquo;est de sortir de l&rsquo;autocratie install\u00e9e par une certaine \u00e9lite fran\u00e7aise \u00e0 coups de canons et au prix du sang innocent d&rsquo;Ivoiriens. [&hellip;]<\/p>\n","protected":false},"author":2,"featured_media":3050,"comment_status":"open","ping_status":"open","sticky":false,"template":"","format":"standard","meta":{"footnotes":""},"categories":[11],"tags":[],"class_list":["post-3046","post","type-post","status-publish","format-standard","has-post-thumbnail","hentry","category-politique"],"_links":{"self":[{"href":"https:\/\/goulyzia.net\/index.php\/wp-json\/wp\/v2\/posts\/3046","targetHints":{"allow":["GET"]}}],"collection":[{"href":"https:\/\/goulyzia.net\/index.php\/wp-json\/wp\/v2\/posts"}],"about":[{"href":"https:\/\/goulyzia.net\/index.php\/wp-json\/wp\/v2\/types\/post"}],"author":[{"embeddable":true,"href":"https:\/\/goulyzia.net\/index.php\/wp-json\/wp\/v2\/users\/2"}],"replies":[{"embeddable":true,"href":"https:\/\/goulyzia.net\/index.php\/wp-json\/wp\/v2\/comments?post=3046"}],"version-history":[{"count":1,"href":"https:\/\/goulyzia.net\/index.php\/wp-json\/wp\/v2\/posts\/3046\/revisions"}],"predecessor-version":[{"id":4149,"href":"https:\/\/goulyzia.net\/index.php\/wp-json\/wp\/v2\/posts\/3046\/revisions\/4149"}],"wp:featuredmedia":[{"embeddable":true,"href":"https:\/\/goulyzia.net\/index.php\/wp-json\/wp\/v2\/media\/3050"}],"wp:attachment":[{"href":"https:\/\/goulyzia.net\/index.php\/wp-json\/wp\/v2\/media?parent=3046"}],"wp:term":[{"taxonomy":"category","embeddable":true,"href":"https:\/\/goulyzia.net\/index.php\/wp-json\/wp\/v2\/categories?post=3046"},{"taxonomy":"post_tag","embeddable":true,"href":"https:\/\/goulyzia.net\/index.php\/wp-json\/wp\/v2\/tags?post=3046"}],"curies":[{"name":"wp","href":"https:\/\/api.w.org\/{rel}","templated":true}]}}