{"id":3073,"date":"2019-12-21T11:44:28","date_gmt":"2019-12-21T10:44:28","guid":{"rendered":"https:\/\/goulyzia.wordpress.com\/?p=3073"},"modified":"2023-05-20T19:58:59","modified_gmt":"2023-05-20T17:58:59","slug":"arrogant-comme-un-francais-en-afrique","status":"publish","type":"post","link":"https:\/\/goulyzia.net\/index.php\/2019\/12\/21\/arrogant-comme-un-francais-en-afrique\/","title":{"rendered":"Arrogant comme un Fran\u00e7ais en Afrique !"},"content":{"rendered":"\n<p>La formule n&rsquo;est pas de moi. Je la tiens de l&rsquo;ouvrage de mon confr\u00e8re fran\u00e7ais Antoine Glaser, fondateur de la Lettre du continent; une publication, m\u00e9lange de notes diplomatiques, de notes confidentielles de renseignements et d&rsquo;investigations qui a \u00e9tabli sa notori\u00e9t\u00e9 dans le milieu et sur le continent.<\/p>\n\n\n\n<p>C&rsquo;est une formule qui colle bien au contexte de la visite d&rsquo;Emmanuel Macron en C\u00f4te d&rsquo;Ivoire. Apr\u00e8s le report de l&rsquo;invitation-injonction tr\u00e8s g\u00eanante adress\u00e9e par le chef de l&rsquo;Etat fran\u00e7ais aux pr\u00e9sidents du G5 Sahel, Macron va en C\u00f4te d&rsquo;Ivoire et au Niger dissiper ce qu&rsquo;il appelle \u00ab\u00a0un sentiment anti-fran\u00e7ais\u00a0\u00bb croissant. Pourtant, les symboles que le pr\u00e9sident vient toucher en C\u00f4te d&rsquo;Ivoire sont de nature \u00e0 produire l&rsquo;effet contraire.<\/p>\n\n\n\n<p><strong>15 ans apr\u00e8s, l\u2019aum\u00f4ne infrastructurelle ne peut \u00e9tancher la soif de v\u00e9rit\u00e9 sur des questions m\u00e9morielles<\/strong><\/p>\n\n\n\n<p>Bien s\u00fbr, il y a des motifs de satisfaction dans la visite du patron de l&rsquo;ex\u00e9cutif fran\u00e7ais pour ceux des potentats locaux qui narguent une opposition f\u00e9brile et d\u00e9sar\u00e7onn\u00e9e. Bien s\u00fbr, c&rsquo;est une folie de cracher sur cette France g\u00e9n\u00e9reuse qui permet des rallonges budg\u00e9taires pour payer les fonctionnaires, offre des infrastructures ultra-modernes et veut redonner de l&rsquo;espoir \u00e0 une jeunesse dans un contexte de forte demande sociale. Mais il est bon de rappeler ceci:<\/p>\n\n\n\n<p>Les infrastructures aussi futuristes soient t-elles, les rallonges budg\u00e9taires aussi judicieuses soient-elles ne peuvent remplacer la soif d&rsquo;autod\u00e9termination des peuples et de v\u00e9rit\u00e9 sur des questions m\u00e9morielles r\u00e9centes.Et c&rsquo;est cela qu&rsquo;il faut savoir d\u00e9crypter quand on agite comme un paravent la question du sentiment anti-fran\u00e7ais.<\/p>\n\n\n\n<p>Le pr\u00e9sident Macron va honorer \u00e0 Bouak\u00e9 la m\u00e9moire des soldats fran\u00e7ais tu\u00e9s dans un bombardement lors de l&rsquo;op\u00e9ration Dignit\u00e9 lanc\u00e9e par Laurent Gbagbo en novembre 2004. L&rsquo;\u00e9criture parcellaire, partielle et partiale de l&rsquo;Histoire r\u00e9cente d&rsquo;un pays qui a subi les affres du bombardement d&rsquo;un palais pr\u00e9sidentiel par une arm\u00e9e \u00e9trang\u00e8re au nom de la protection des civils, notion \u00e0 l&rsquo;extension curieuse, continue d&rsquo;interpeller. La question pr\u00e9judicielle devenue une affaire d&rsquo;Etat demeure : Qui a donn\u00e9 l&rsquo;ordre aux mercenaires bi\u00e9lorusses engag\u00e9s par le r\u00e9gime d&rsquo;Abidjan d&rsquo;alors de bombarder le camp militaire fran\u00e7ais de Bouak\u00e9?<\/p>\n\n\n\n<p>Personne ne le saura. Pourtant des t\u00e9moins existent. Les pilotes bi\u00e9lorusses sont encore vivants. Mich\u00e8le Alliot Marie et Dominique de Villepin sont rassur\u00e9s.Ils ne seront jamais poursuivis en France dans cette sombre affaire.Les familles des soldats fran\u00e7ais tu\u00e9s ne feront jamais leur deuil. Pourtant, c&rsquo;est ce fait g\u00e9n\u00e9rateur, dont on est certain aujourd&rsquo;hui 15 ans apr\u00e8s qu&rsquo;il a \u00e9t\u00e9 tronqu\u00e9, qui est \u00e0 l&rsquo;origine de morts de civils \u00e0 l&rsquo;esplanade de l&rsquo;Hotel Ivoire un sombre mois de novembre 2004 , avec en prime la destruction d\u2019a\u00e9ronefs ivoiriens.<\/p>\n\n\n\n<p>Pour l&rsquo;\u00e9tudiant en DEA de droit international que j&rsquo;\u00e9tais alors en 2004 et qui r\u00e9sidait \u00e0 moins de 500 m du lieu du carnage de civils aux mains nues par des militaires fran\u00e7ais, ces faits me parlent encore .L&rsquo;Etat de C\u00f4te d&rsquo;Ivoire qui avait la possibilit\u00e9 d&rsquo;engager la responsabilit\u00e9 internationale de la France devant la Cour internationale de Justice s&rsquo;est ravis\u00e9, apr\u00e8s l&rsquo;arbitrage \u00e9quilibriste du pr\u00e9sident ivoirien d&rsquo;alors. Cet hommage \u00e0 sens unique n&rsquo;est pas fait pour cicatriser la balafre faite aux relations entre la France et la C\u00f4te d&rsquo;Ivoire.<\/p>\n\n\n\n<p><strong>Des questions des droits de l&rsquo;Homme \u00e9lud\u00e9es au nom d&rsquo;une raison d&rsquo;Etat factice<\/strong><\/p>\n\n\n\n<p>Quid de la disparition du journaliste franco-canadien Guy Andr\u00e9 Kieffer ! Ne nous embarrassons pas d&rsquo;une s\u00e9mantique juridique lourde quand l&rsquo;\u00e9vidence de la mort du journaliste pend au nez ! Qui a assassin\u00e9 Guy Andr\u00e9 Kieffer et pourquoi? A qui profitait ce crime? Qui d\u00e9rangeait-il r\u00e9ellement? Il est peut-\u00eatre vain de s&rsquo;obstiner \u00e0 rechercher les commanditaires de cet acte crapuleux dans le m\u00eame camp 15 ans apr\u00e8s. T\u00f4t ou tard, les langues se d\u00e9lieront. La v\u00e9rit\u00e9 prend son temps.<\/p>\n\n\n\n<p>C&rsquo;est dans ce d\u00e9ni ou cette application partielle des droits de l&rsquo;Homme, cette sempiternelle arrogance qu&rsquo;il faut rechercher pour une bonne part le terreau fertile du fameux sentiment anti-fran\u00e7ais qui s&rsquo;appelle en r\u00e9alit\u00e9 volont\u00e9 pressante et structur\u00e9e d&rsquo;autod\u00e9termination.<\/p>\n\n\n\n<p>\u00c9voquer ces questions qui f\u00e2chent n&rsquo;a rien de glamour; Il ne faut pas provoquer d&rsquo;ingestion \u00e0 l&rsquo;heure du r\u00e9veillon de Noel!<\/p>\n\n\n\n<p>&nbsp;<\/p>\n\n\n\n<p>&nbsp;<\/p>\n\n\n\n<p>&nbsp;<\/p>\n","protected":false},"excerpt":{"rendered":"<p>La formule n&rsquo;est pas de moi. Je la tiens de l&rsquo;ouvrage de mon confr\u00e8re fran\u00e7ais Antoine Glaser, fondateur de la Lettre du continent; une publication, m\u00e9lange de notes diplomatiques, de notes confidentielles de renseignements et d&rsquo;investigations qui a \u00e9tabli sa notori\u00e9t\u00e9 dans le milieu et sur le continent. C&rsquo;est une formule qui colle bien au [&hellip;]<\/p>\n","protected":false},"author":2,"featured_media":1176,"comment_status":"open","ping_status":"open","sticky":false,"template":"","format":"standard","meta":{"footnotes":""},"categories":[4],"tags":[],"class_list":["post-3073","post","type-post","status-publish","format-standard","has-post-thumbnail","hentry","category-diplomatie"],"_links":{"self":[{"href":"https:\/\/goulyzia.net\/index.php\/wp-json\/wp\/v2\/posts\/3073","targetHints":{"allow":["GET"]}}],"collection":[{"href":"https:\/\/goulyzia.net\/index.php\/wp-json\/wp\/v2\/posts"}],"about":[{"href":"https:\/\/goulyzia.net\/index.php\/wp-json\/wp\/v2\/types\/post"}],"author":[{"embeddable":true,"href":"https:\/\/goulyzia.net\/index.php\/wp-json\/wp\/v2\/users\/2"}],"replies":[{"embeddable":true,"href":"https:\/\/goulyzia.net\/index.php\/wp-json\/wp\/v2\/comments?post=3073"}],"version-history":[{"count":1,"href":"https:\/\/goulyzia.net\/index.php\/wp-json\/wp\/v2\/posts\/3073\/revisions"}],"predecessor-version":[{"id":4142,"href":"https:\/\/goulyzia.net\/index.php\/wp-json\/wp\/v2\/posts\/3073\/revisions\/4142"}],"wp:featuredmedia":[{"embeddable":true,"href":"https:\/\/goulyzia.net\/index.php\/wp-json\/wp\/v2\/media\/1176"}],"wp:attachment":[{"href":"https:\/\/goulyzia.net\/index.php\/wp-json\/wp\/v2\/media?parent=3073"}],"wp:term":[{"taxonomy":"category","embeddable":true,"href":"https:\/\/goulyzia.net\/index.php\/wp-json\/wp\/v2\/categories?post=3073"},{"taxonomy":"post_tag","embeddable":true,"href":"https:\/\/goulyzia.net\/index.php\/wp-json\/wp\/v2\/tags?post=3073"}],"curies":[{"name":"wp","href":"https:\/\/api.w.org\/{rel}","templated":true}]}}