{"id":3197,"date":"2020-08-10T16:00:23","date_gmt":"2020-08-10T14:00:23","guid":{"rendered":"https:\/\/goulyzia.wordpress.com\/?p=3197"},"modified":"2023-05-20T14:34:32","modified_gmt":"2023-05-20T12:34:32","slug":"ces-reminiscences-qui-sonnent-comme-la-fin-dun-cycle","status":"publish","type":"post","link":"https:\/\/goulyzia.net\/index.php\/2020\/08\/10\/ces-reminiscences-qui-sonnent-comme-la-fin-dun-cycle\/","title":{"rendered":"Ces r\u00e9miniscences qui sonnent comme la fin d&rsquo;un cycle"},"content":{"rendered":"\n<p>\u00ab\u00a0Le peuple ivoirien est pris en otage\u00a0\u00bb. Le 5 juillet 2010, ce bout de phrase avait \u00e9t\u00e9 repris par la presse proche de l&rsquo;opposition ivoirienne \u00e0 l&rsquo;\u00e9poque. La formule \u00e9tait tir\u00e9e de mon interview \u00e0 Cotonou avec la grosse star internationale Tiken Jah de passage au B\u00e9nin pour un concert. En face de Tiken Jah, ce jour-l\u00e0, il y avait certes le fr\u00eale journaliste correspondant  de l&rsquo;agence de presse Alerte Info au B\u00e9nin. Mais \u00e9galement le jeune adolescent qui avait vu les d\u00e9buts de la grosse star dans la cour familiale  de Sokrourani (quartier populaire d&rsquo;Odienn\u00e9 dans le nord-ouest ivoirien) et avait assist\u00e9 \u00e0 ses footings au stade Mamadou Coulibaly \u00e0 quelques centaines de m\u00e8tres de  l\u00e0 o\u00f9 vivait ma famille.  A Cotonou, j&rsquo;avais \u00e9t\u00e9 conquis par la verve oratoire de l&rsquo;artiste. Verbe haut et fier. Son diagnostic sur l&rsquo;\u00e9tat de la C\u00f4te d&rsquo;Ivoire \u00e9tait vrai. Morceaux choisis: <\/p>\n\n\n\n<p><em><strong>\u00ab\u00a0La classe politique a compl\u00e8tement \u00e9chou\u00e9 en C\u00f4te d\u2019Ivoire et il faut un r\u00e9veil des populations. On a essay\u00e9 de jouer sur des histoires d\u2019ethnie, de r\u00e9gion alors que le probl\u00e8me ne se pose pas en C\u00f4te d\u2019Ivoire. Le vrai probl\u00e8me en C\u00f4te d\u2019Ivoire, les politiques sont incapables d\u2019assurer l\u2019avenir des enfants de ce pays. Nous sommes tous dans la m\u00eame gal\u00e8re&#8230;Je ne vois pas ce que Gbagbo peut apporter \u00e0 la C\u00f4te d\u2019Ivoire apr\u00e8s dix ans. Je ne comprends pas comment des gens puissent esp\u00e9rer quelque chose. Je ne sais pas par quelle magie, quelle \u00e9quipe il va trouver pour changer les choses. Il faut que les Ivoiriens se fassent respecter\u00a0\u00bb<\/strong><\/em><\/p>\n\n\n\n<p><strong><em>\u00ab\u00a0Je suis pour une r\u00e9volution intelligente, pacifique, c\u2019est-\u00e0-dire combattre les hommes politiques et nous faire respecter d\u2019eux. Je ne demande pas de violence. Je ne demande pas de tout casser parce que tout est \u00e0 construire. Il faut que les hommes politiques se rendent comptent que les mentalit\u00e9s ont chang\u00e9 en Afrique.\u00a0\u00bb<\/em><\/strong><\/p>\n\n\n\n<figure class=\"wp-block-image size-full\"><img loading=\"lazy\" decoding=\"async\" width=\"906\" height=\"619\" src=\"https:\/\/goulyzia.net\/wp-content\/uploads\/2023\/05\/Tiken-2.jpg\" alt=\"\" class=\"wp-image-4122\" srcset=\"https:\/\/goulyzia.net\/wp-content\/uploads\/2023\/05\/Tiken-2.jpg 906w, https:\/\/goulyzia.net\/wp-content\/uploads\/2023\/05\/Tiken-2-300x205.jpg 300w, https:\/\/goulyzia.net\/wp-content\/uploads\/2023\/05\/Tiken-2-768x525.jpg 768w\" sizes=\"auto, (max-width: 906px) 100vw, 906px\" \/><\/figure>\n\n\n\n<p>Dix ans apr\u00e8s en C\u00f4te d&rsquo;Ivoire, on se retrouve dans un imbroglio politique qui commande des prises de positions  frontales dans le principe du respect du jeu d\u00e9mocratique.<\/p>\n\n\n\n<p><strong>Quid de la r\u00e9volution intelligente pacifique<\/strong><\/p>\n\n\n\n<p>\u00ab\u00a0La r\u00e9volution intelligente\u00a0\u00bb \u00e0 l&rsquo;effet  de se faire respecter des politiques viendra -t-elle? Rien n&rsquo;est moins s\u00fbr. Apr\u00e8s la fameuse r\u00e9volution  orange de Guillaume Soro en d\u00e9cembre 2010, les Ivoiriens ont-ils vraiment envie de retomber dans les travers d&rsquo;une guerre civile? <\/p>\n\n\n\n<p>Tiken Jah est certainement l&rsquo;un des plus grands d\u00e9\u00e7us de la gouvernance Ouattara. Il l&rsquo;a d\u00e9j\u00e0 dit \u00e0 maintes reprises notamment lors de la cr\u00e9ation du S\u00e9nat. Il ne faut pas compter sur lui pour prendre les devants d&rsquo;une fatwa contre Ouattara. Ce qu&rsquo;on lui reproche par contre, c&rsquo;est sa r\u00e9activit\u00e9 \u00e0 g\u00e9om\u00e9trie variable. Distributeur \u00e0 souhait de mauvais points au Guin\u00e9en Alpha Cond\u00e9 obnubil\u00e9 par un troisi\u00e8me mandat, il peut trouver des circonstances att\u00e9nuantes \u00e0 Ouattara. C&rsquo;est peu de dire que son mutisme  est g\u00eanant face \u00e0 la d\u00e9rive autocratique de l&rsquo;ancien opposant historique dont il a endoss\u00e9 le combat. <\/p>\n\n\n\n<p>Pourtant, c&rsquo;est le moment d&rsquo;avoir le verbe haut pour  dire au pr\u00e9sident Ouattara qu&rsquo;il s&rsquo;engouffre dans une voie sans issue ou \u00e0 tout le moins une voie avec une seule issue: l&rsquo;humiliation par la petite porte de l&rsquo;Histoire. <\/p>\n\n\n\n<p>Le faire, ce n&rsquo;est pas du militantisme virtuel creux et d\u00e9plac\u00e9. C&rsquo;est un simple rappel  d&rsquo;une jurisprudence op\u00e9rante, tir\u00e9e de faits t\u00eatus et opposable \u00e0 ceux qui n&rsquo;ont pas \u00e9t\u00e9 enseign\u00e9s par  les le\u00e7ons mar\u00e9cageuses d&rsquo;un pass\u00e9 r\u00e9cent. <\/p>\n\n\n\n<p>La formule jurisprudentielle dans une tchapalocratie (syndrome de l&rsquo;ivresse du pouvoir)  finissante tient tout son sens:<\/p>\n\n\n\n<p><strong><em>\u00ab\u00a0Laisser le tchapalocrate danser le tango de sa propore d\u00e9ch\u00e9ance jusqu&rsquo;\u00e0 la derni\u00e8re note\u00a0\u00bb <\/em><\/strong><\/p>\n\n\n\n<p><strong><em>Fid\u00e8le Goulyzia, ancien journaliste reporter, auteur de #TchapaloTango, Editions Captiot<\/em><\/strong>, <strong><em>octobre 2010<\/em><\/strong><\/p>\n","protected":false},"excerpt":{"rendered":"<p>\u00ab\u00a0Le peuple ivoirien est pris en otage\u00a0\u00bb. Le 5 juillet 2010, ce bout de phrase avait \u00e9t\u00e9 repris par la presse proche de l&rsquo;opposition ivoirienne \u00e0 l&rsquo;\u00e9poque. La formule \u00e9tait tir\u00e9e de mon interview \u00e0 Cotonou avec la grosse star internationale Tiken Jah de passage au B\u00e9nin pour un concert. En face de Tiken Jah, [&hellip;]<\/p>\n","protected":false},"author":2,"featured_media":4123,"comment_status":"open","ping_status":"open","sticky":false,"template":"","format":"standard","meta":{"footnotes":""},"categories":[3,11],"tags":[],"class_list":["post-3197","post","type-post","status-publish","format-standard","has-post-thumbnail","hentry","category-culture","category-politique"],"_links":{"self":[{"href":"https:\/\/goulyzia.net\/index.php\/wp-json\/wp\/v2\/posts\/3197","targetHints":{"allow":["GET"]}}],"collection":[{"href":"https:\/\/goulyzia.net\/index.php\/wp-json\/wp\/v2\/posts"}],"about":[{"href":"https:\/\/goulyzia.net\/index.php\/wp-json\/wp\/v2\/types\/post"}],"author":[{"embeddable":true,"href":"https:\/\/goulyzia.net\/index.php\/wp-json\/wp\/v2\/users\/2"}],"replies":[{"embeddable":true,"href":"https:\/\/goulyzia.net\/index.php\/wp-json\/wp\/v2\/comments?post=3197"}],"version-history":[{"count":1,"href":"https:\/\/goulyzia.net\/index.php\/wp-json\/wp\/v2\/posts\/3197\/revisions"}],"predecessor-version":[{"id":4124,"href":"https:\/\/goulyzia.net\/index.php\/wp-json\/wp\/v2\/posts\/3197\/revisions\/4124"}],"wp:featuredmedia":[{"embeddable":true,"href":"https:\/\/goulyzia.net\/index.php\/wp-json\/wp\/v2\/media\/4123"}],"wp:attachment":[{"href":"https:\/\/goulyzia.net\/index.php\/wp-json\/wp\/v2\/media?parent=3197"}],"wp:term":[{"taxonomy":"category","embeddable":true,"href":"https:\/\/goulyzia.net\/index.php\/wp-json\/wp\/v2\/categories?post=3197"},{"taxonomy":"post_tag","embeddable":true,"href":"https:\/\/goulyzia.net\/index.php\/wp-json\/wp\/v2\/tags?post=3197"}],"curies":[{"name":"wp","href":"https:\/\/api.w.org\/{rel}","templated":true}]}}