{"id":3978,"date":"2023-03-29T17:57:46","date_gmt":"2023-03-29T15:57:46","guid":{"rendered":"https:\/\/goulyzia.net\/?p=3978"},"modified":"2023-05-18T22:36:57","modified_gmt":"2023-05-18T20:36:57","slug":"humeur-du-mercredi","status":"publish","type":"post","link":"https:\/\/goulyzia.net\/index.php\/2023\/03\/29\/humeur-du-mercredi\/","title":{"rendered":"Humeur du mercredi"},"content":{"rendered":"\n<p><\/p>\n\n\n\n<p>Il y a quelques jours, tu as applaudi la lib\u00e9ration du journaliste fran\u00e7ais d\u00e9tenu au Mali par des terroristes depuis deux ans. Tu es content pour lui, sa compagne et ses enfants. Tu imagines le soulagement de sa famille et de ses proches. Tu es de tout coeur avec lui.. Et apr\u00e8s son accueil triomphal par le pimpant quadra obs\u00e9d\u00e9 par une r\u00e9forme impopulaire, il te sort un truc du genre \u00a0\u00bb j&rsquo;ai continu\u00e9 \u00e0 travailler de l&rsquo;int\u00e9rieur \u00ab\u00a0. A quoi renvoie \u00ab\u00a0travailler de l&rsquo;int\u00e9rieur \u00a0\u00bb pour un journaliste otage d&rsquo;un groupe terroriste ? Timing curieux, quelques jours plus tard, le pouvoir malien annonce dans une communication bien ma\u00eetris\u00e9e une \u00ab\u00a0op\u00e9ration d&rsquo;envergure\u00a0\u00bb dans le Nord sous occupation djihadiste. Une op\u00e9ration qui s&rsquo;apparente \u00e0 l&rsquo;op\u00e9ration Dignit\u00e9 engag\u00e9e par Laurent Gbagbo en novembre 2004 contre la r\u00e9bellion des Forces nouvelles \u00e0 Bouak\u00e9. Op\u00e9ration sabot\u00e9e par Chirac , De Villepin, Alliot-Marie et Barnier. La corr\u00e9lation entre la lib\u00e9ration triomphale du journaliste et l&rsquo;imminence de l&rsquo;op\u00e9ration malienne est \u00e0 creuser tout comme le gain financier, m\u00e9diatique, et strat\u00e9gique de groupes terroristes qui ont finalement une fonction de curseur de pression contre des pouvoirs indociles. L&rsquo; envers du d\u00e9cor n&rsquo;a rien de romantique. Renseignements contre Renseignements, syst\u00e8me contre syst\u00e8me. Une chose est s\u00fbre, le mois d&rsquo;avril est \u00e0 suivre au pays de Soundjata K\u00e9\u00efta. Idjidja Maliba !&nbsp;<\/p>\n","protected":false},"excerpt":{"rendered":"<p>Il y a quelques jours, tu as applaudi la lib\u00e9ration du journaliste fran\u00e7ais d\u00e9tenu au Mali par des terroristes depuis deux ans. Tu es content pour lui, sa compagne et ses enfants. Tu imagines le soulagement de sa famille et de ses proches. Tu es de tout coeur avec lui.. Et apr\u00e8s son accueil triomphal [&hellip;]<\/p>\n","protected":false},"author":2,"featured_media":3080,"comment_status":"closed","ping_status":"open","sticky":false,"template":"","format":"standard","meta":{"footnotes":""},"categories":[4,11,12],"tags":[],"class_list":["post-3978","post","type-post","status-publish","format-standard","has-post-thumbnail","hentry","category-diplomatie","category-politique","category-securite"],"_links":{"self":[{"href":"https:\/\/goulyzia.net\/index.php\/wp-json\/wp\/v2\/posts\/3978","targetHints":{"allow":["GET"]}}],"collection":[{"href":"https:\/\/goulyzia.net\/index.php\/wp-json\/wp\/v2\/posts"}],"about":[{"href":"https:\/\/goulyzia.net\/index.php\/wp-json\/wp\/v2\/types\/post"}],"author":[{"embeddable":true,"href":"https:\/\/goulyzia.net\/index.php\/wp-json\/wp\/v2\/users\/2"}],"replies":[{"embeddable":true,"href":"https:\/\/goulyzia.net\/index.php\/wp-json\/wp\/v2\/comments?post=3978"}],"version-history":[{"count":1,"href":"https:\/\/goulyzia.net\/index.php\/wp-json\/wp\/v2\/posts\/3978\/revisions"}],"predecessor-version":[{"id":4021,"href":"https:\/\/goulyzia.net\/index.php\/wp-json\/wp\/v2\/posts\/3978\/revisions\/4021"}],"wp:featuredmedia":[{"embeddable":true,"href":"https:\/\/goulyzia.net\/index.php\/wp-json\/wp\/v2\/media\/3080"}],"wp:attachment":[{"href":"https:\/\/goulyzia.net\/index.php\/wp-json\/wp\/v2\/media?parent=3978"}],"wp:term":[{"taxonomy":"category","embeddable":true,"href":"https:\/\/goulyzia.net\/index.php\/wp-json\/wp\/v2\/categories?post=3978"},{"taxonomy":"post_tag","embeddable":true,"href":"https:\/\/goulyzia.net\/index.php\/wp-json\/wp\/v2\/tags?post=3978"}],"curies":[{"name":"wp","href":"https:\/\/api.w.org\/{rel}","templated":true}]}}