{"id":4314,"date":"2023-06-20T08:59:40","date_gmt":"2023-06-20T06:59:40","guid":{"rendered":"https:\/\/goulyzia.net\/?p=4314"},"modified":"2023-06-20T08:59:41","modified_gmt":"2023-06-20T06:59:41","slug":"senegal-puisque-je-ne-peux-pas-me-taire","status":"publish","type":"post","link":"https:\/\/goulyzia.net\/index.php\/2023\/06\/20\/senegal-puisque-je-ne-peux-pas-me-taire\/","title":{"rendered":"S\u00e9n\u00e9gal : puisque je ne peux pas me taire"},"content":{"rendered":"\n<p><br>Monsieur le Premier ministre,<br>Monsieur Amadou Ba,<br>Quelle le\u00e7on de d\u00e9mocratie un Ivoirien peut-il donner au S\u00e9n\u00e9gal, terre de stabilit\u00e9 institutionnelle, d&rsquo;alternance politique, prunelle de l&rsquo;intelligentsia francophone selon une doxa coloniale ? Aucune. Depuis son ind\u00e9pendance formelle en 1960, mon pays n&rsquo;a pas eu la chance de voir un ancien pr\u00e9sident assister \u00e0 l&rsquo;investiture de son \u00ab\u00a0successeur\u00a0\u00bb. Pour cela, le S\u00e9n\u00e9gal reste pour nous une exception en Afrique francophone. Une exception dont nous sommes fiers mais qui ne nous fait pas perdre de vue le caract\u00e8re scl\u00e9ros\u00e9 et rentier de son syst\u00e8me partisan d\u00e9cadent. Et c&rsquo;est justement la rupture de cette exception par le pr\u00e9sident Macky Sall qui m&rsquo;autorise \u00e0 \u00e9crire ce billet d&rsquo;humeur. Il y a quelques jours, on a vu le pr\u00e9sident s\u00e9n\u00e9galais tenir \u00e0 Boutcha une bougie en m\u00e9moire des victimes ukrainiennes dans une mission africaine de paix aux contours flous dont on sait aujourd&rsquo;hui qu&rsquo;elle est \u00e0 l&rsquo;initiative d&rsquo;une silhouette bien connue des r\u00e9seaux fran\u00e7africains chiraquiens. Une mission \u00e0 l&rsquo;attelage bien curieux impliquant des marchands d&rsquo;armes, des chefs d&rsquo;Etats pro-russe et pro-ukrainien. Macky Sall a donc enjamb\u00e9 le corps de ces jeunes S\u00e9n\u00e9galais pour se donner l&rsquo;image internationale d&rsquo;un pr\u00e9sident qui ma\u00eetrise la situation chez lui. Le calme est revenu \u00e0 Dakar. C&rsquo;est ce que nous souhaitons pour le peuple fr\u00e8re s\u00e9n\u00e9galais. Mais la r\u00e9pression sourde et aveugle continue en silence. Personne n&rsquo;oubliera les images de miliciens tirant avec des fusils d&rsquo;assauts aux cot\u00e9s de la police s\u00e9n\u00e9galaise. Personne n&rsquo;oubliera cet adolescent pris comme bouclier humain par les forces de l&rsquo;ordre. Les r\u00e8gles \u00e9l\u00e9mentaires du maintien de l&rsquo;ordre public ont \u00e9t\u00e9 bafou\u00e9es. \u00ab\u00a0Le pays ne peut pas \u00eatre bloqu\u00e9 pour et par une seule personne. D&rsquo;ailleurs il n&rsquo;a pas encore la carrure pour gouverner\u00a0\u00bb. D&rsquo;accord, dans ce cas, c&rsquo;est au peuple de choisir dans une comp\u00e9tition \u00e9lectorale saine et ouverte, pas en instrumentalisant la justice s\u00e9n\u00e9galaise et en d\u00e9s\u00e9quilibrant le pouvoir de coercition de la force publique, loin des sentiers r\u00e9publicains. L&rsquo;\u00e9quilibrisme et la nuance qui consisteraient \u00e0 rejeter les torts de part et d&rsquo;autre ne sont pas mes premiers atouts. La rupture de l&rsquo;exception s\u00e9n\u00e9galaise est du fait du pr\u00e9sident Sall. En tant que dauphin putatif de la majorit\u00e9 pr\u00e9sidentielle, vous avez encore sept mois pour le convaincre de trouver une porte de sortie honorable. En esp\u00e9rant que la tendre texture de la viande de tabaski de cette derni\u00e8re ann\u00e9e de la gouvernance Sall fasse son effet !<br>Respectueusement<br>Un Farafinois libre !<\/p>\n","protected":false},"excerpt":{"rendered":"<p>Monsieur le Premier ministre,Monsieur Amadou Ba,Quelle le\u00e7on de d\u00e9mocratie un Ivoirien peut-il donner au S\u00e9n\u00e9gal, terre de stabilit\u00e9 institutionnelle, d&rsquo;alternance politique, prunelle de l&rsquo;intelligentsia francophone selon une doxa coloniale ? Aucune. Depuis son ind\u00e9pendance formelle en 1960, mon pays n&rsquo;a pas eu la chance de voir un ancien pr\u00e9sident assister \u00e0 l&rsquo;investiture de son \u00ab\u00a0successeur\u00a0\u00bb. [&hellip;]<\/p>\n","protected":false},"author":2,"featured_media":4315,"comment_status":"open","ping_status":"open","sticky":false,"template":"","format":"standard","meta":{"footnotes":""},"categories":[11],"tags":[],"class_list":["post-4314","post","type-post","status-publish","format-standard","has-post-thumbnail","hentry","category-politique"],"_links":{"self":[{"href":"https:\/\/goulyzia.net\/index.php\/wp-json\/wp\/v2\/posts\/4314","targetHints":{"allow":["GET"]}}],"collection":[{"href":"https:\/\/goulyzia.net\/index.php\/wp-json\/wp\/v2\/posts"}],"about":[{"href":"https:\/\/goulyzia.net\/index.php\/wp-json\/wp\/v2\/types\/post"}],"author":[{"embeddable":true,"href":"https:\/\/goulyzia.net\/index.php\/wp-json\/wp\/v2\/users\/2"}],"replies":[{"embeddable":true,"href":"https:\/\/goulyzia.net\/index.php\/wp-json\/wp\/v2\/comments?post=4314"}],"version-history":[{"count":1,"href":"https:\/\/goulyzia.net\/index.php\/wp-json\/wp\/v2\/posts\/4314\/revisions"}],"predecessor-version":[{"id":4316,"href":"https:\/\/goulyzia.net\/index.php\/wp-json\/wp\/v2\/posts\/4314\/revisions\/4316"}],"wp:featuredmedia":[{"embeddable":true,"href":"https:\/\/goulyzia.net\/index.php\/wp-json\/wp\/v2\/media\/4315"}],"wp:attachment":[{"href":"https:\/\/goulyzia.net\/index.php\/wp-json\/wp\/v2\/media?parent=4314"}],"wp:term":[{"taxonomy":"category","embeddable":true,"href":"https:\/\/goulyzia.net\/index.php\/wp-json\/wp\/v2\/categories?post=4314"},{"taxonomy":"post_tag","embeddable":true,"href":"https:\/\/goulyzia.net\/index.php\/wp-json\/wp\/v2\/tags?post=4314"}],"curies":[{"name":"wp","href":"https:\/\/api.w.org\/{rel}","templated":true}]}}