{"id":4432,"date":"2023-07-03T10:39:44","date_gmt":"2023-07-03T08:39:44","guid":{"rendered":"https:\/\/goulyzia.net\/?p=4432"},"modified":"2023-07-03T10:39:44","modified_gmt":"2023-07-03T08:39:44","slug":"mali-la-minusma-out","status":"publish","type":"post","link":"https:\/\/goulyzia.net\/index.php\/2023\/07\/03\/mali-la-minusma-out\/","title":{"rendered":"Mali: la Minusma out !"},"content":{"rendered":"<p>Le 30 juin dernier, le Conseil de s\u00e9curit\u00e9 de l&rsquo;ONU a mis fin, \u00e0 l&rsquo;unanimit\u00e9 de ses membres, au mandat de la Minusma, dix ans apr\u00e8s sa cr\u00e9ation par la r\u00e9solution 2100. Victoire diplomatique malienne ou erreur de strat\u00e9gie ? Pas si simple \u00e0 trancher. En novembre 2015, une semaine apr\u00e8s l&rsquo;attentat contre le Radisson Blu \u00e0 Bamako, j&rsquo;avais pu mesurer la vitalit\u00e9 et la r\u00e9silience du peuple malien face \u00e0 l&rsquo;adversit\u00e9. J&rsquo;y \u00e9tais avec Jean Jacques Varold, mon confr\u00e8re de Vox Africa bureau Afrique de l&rsquo;ouest \u00e0 l&rsquo;\u00e9poque. Nous y \u00e9tions sur invitation d&rsquo;un homme d&rsquo;affaires qui exp\u00e9rimentait dans son village, \u00e0 60 km de Bamako, l&rsquo;\u00e9lectrification \u00e0 l&rsquo;hydrog\u00e8ne naturel. L&rsquo;id\u00e9e \u00e9tant de projeter au sommet de la Cop21 \u00e0 Paris les r\u00e9sultats de ce projet pilote qui, dupliqu\u00e9 \u00e0 une \u00e9chelle nationale, serait une alternative cons\u00e9quente au d\u00e9ficit \u00e9nerg\u00e9tique de son pays. L&rsquo;hydre terroriste r\u00e9gnait d\u00e9j\u00e0 en d\u00e9pit de la pr\u00e9sence militaire fran\u00e7aise et onusienne. La Minusma a-t-elle \u00e9t\u00e9 \u00e0 la hauteur de son mandat dans un pays deux fois plus grand que la France ? C&rsquo;est \u00e0 l&rsquo;aune du choix strat\u00e9gique s\u00e9curitaire du Mali qu&rsquo;il faudrait analyser la question. De ce point de vue, le Mali reste logique avec lui-m\u00eame puisque les colonels de Bamako op\u00e8rent depuis deux ans une rupture m\u00e9thodique et structur\u00e9e \u00e0 l&rsquo;\u00e9gard d&rsquo;un partenaire traditionnel d\u00e9savou\u00e9 et aux abois. Les \u00ab\u00a0sp\u00e9cialistes\u00a0\u00bb t\u00e9l\u00e9g\u00e9niques qui d\u00e9versent \u00e0 longueur de journ\u00e9e leur savoir livresque n&rsquo;ont pas vu venir ce changement de paradigme. Le 30 juin 2017, dans des conditions diff\u00e9rentes, le Conseil de s\u00e9curit\u00e9 avait mis fin au mandat de l&rsquo;ONUCI en C\u00f4te d&rsquo;Ivoire. L&rsquo;op\u00e9ration a emport\u00e9 avec elle les fant\u00f4mes errants d&rsquo;une d\u00e9cennie de crise soigneusement comprim\u00e9s dans l&rsquo;herm\u00e9tique placard des secrets de la crise post-\u00e9lectorale de 2010 o\u00f9 les Casques bleus ont particip\u00e9 de fa\u00e7on directe aux hostilit\u00e9s pour renverser un r\u00e9gime en vertu d&rsquo;une curieuse r\u00e9solution 1975 leur demandant na\u00efvement de neutraliser les armes lourdes de Gbagbo. Pourtant, l&rsquo;ONUCI, tout comme la Minusma, a beaucoup donn\u00e9 \u00e0 la C\u00f4te d&rsquo;Ivoire (ONUCI FM, initiatives coop\u00e9ratives et associatives locales) mais a \u00e9chou\u00e9 l\u00e0 o\u00f9 on l&rsquo;attendait : le d\u00e9sarmement de tous ceux qui n&rsquo;avaient pas le droit de porter des armes. C&rsquo;est \u00e0 l&rsquo;Etat national de d\u00e9fendre chaque parcelle de son territoire, sans attendre l&rsquo;ONU; d&rsquo;ailleurs, inviter l&rsquo;ONU chez soi quand on est ancienne colonie fran\u00e7aise et que la France continue de tenir votre plume \u00e0 l&rsquo;ONU, c&rsquo;est faire entrer par la fen\u00eatre celui que vous chassez par la porte. La r\u00e9solution 2690 du 30 juin dernier d\u00e9signe toujours la situation du Mali comme \u00ab\u00a0une menace contre la paix et la s\u00e9curit\u00e9 internationales\u00a0\u00bb avec la mise en branle \u00e0 tout moment du chapitre VII coercitif de la charte onusienne. C&rsquo;est une logique de guerre d&rsquo;usure pour faire payer au Mali sa volont\u00e9 in\u00e9branlable de rupture, en imposant une bellig\u00e9rance artificielle manipul\u00e9e. Les cinq colonels de Bamako sont avertis !<\/p>\n","protected":false},"excerpt":{"rendered":"<p>Le 30 juin dernier, le Conseil de s\u00e9curit\u00e9 de l&rsquo;ONU a mis fin, \u00e0 l&rsquo;unanimit\u00e9 de ses membres, au mandat de la Minusma, dix ans apr\u00e8s sa cr\u00e9ation par la r\u00e9solution 2100. Victoire diplomatique malienne ou erreur de strat\u00e9gie ? Pas si simple \u00e0 trancher. En novembre 2015, une semaine apr\u00e8s l&rsquo;attentat contre le Radisson [&hellip;]<\/p>\n","protected":false},"author":2,"featured_media":4433,"comment_status":"closed","ping_status":"closed","sticky":false,"template":"","format":"standard","meta":{"footnotes":""},"categories":[4,11,12],"tags":[],"class_list":["post-4432","post","type-post","status-publish","format-standard","has-post-thumbnail","hentry","category-diplomatie","category-politique","category-securite"],"_links":{"self":[{"href":"https:\/\/goulyzia.net\/index.php\/wp-json\/wp\/v2\/posts\/4432","targetHints":{"allow":["GET"]}}],"collection":[{"href":"https:\/\/goulyzia.net\/index.php\/wp-json\/wp\/v2\/posts"}],"about":[{"href":"https:\/\/goulyzia.net\/index.php\/wp-json\/wp\/v2\/types\/post"}],"author":[{"embeddable":true,"href":"https:\/\/goulyzia.net\/index.php\/wp-json\/wp\/v2\/users\/2"}],"replies":[{"embeddable":true,"href":"https:\/\/goulyzia.net\/index.php\/wp-json\/wp\/v2\/comments?post=4432"}],"version-history":[{"count":1,"href":"https:\/\/goulyzia.net\/index.php\/wp-json\/wp\/v2\/posts\/4432\/revisions"}],"predecessor-version":[{"id":4434,"href":"https:\/\/goulyzia.net\/index.php\/wp-json\/wp\/v2\/posts\/4432\/revisions\/4434"}],"wp:featuredmedia":[{"embeddable":true,"href":"https:\/\/goulyzia.net\/index.php\/wp-json\/wp\/v2\/media\/4433"}],"wp:attachment":[{"href":"https:\/\/goulyzia.net\/index.php\/wp-json\/wp\/v2\/media?parent=4432"}],"wp:term":[{"taxonomy":"category","embeddable":true,"href":"https:\/\/goulyzia.net\/index.php\/wp-json\/wp\/v2\/categories?post=4432"},{"taxonomy":"post_tag","embeddable":true,"href":"https:\/\/goulyzia.net\/index.php\/wp-json\/wp\/v2\/tags?post=4432"}],"curies":[{"name":"wp","href":"https:\/\/api.w.org\/{rel}","templated":true}]}}