{"id":4470,"date":"2023-09-23T12:36:18","date_gmt":"2023-09-23T10:36:18","guid":{"rendered":"https:\/\/goulyzia.net\/?p=4470"},"modified":"2023-09-23T12:43:04","modified_gmt":"2023-09-23T10:43:04","slug":"pour-la-posterite","status":"publish","type":"post","link":"https:\/\/goulyzia.net\/index.php\/2023\/09\/23\/pour-la-posterite\/","title":{"rendered":"Pour la post\u00e9rit\u00e9"},"content":{"rendered":"<p>Je suis arriv\u00e9 \u00e0 Besan\u00e7on le 12 septembre 2016 en provenance de Cotonou. J&rsquo;\u00e9tais en France en tant que journaliste pour la couverture de trois \u00e9v\u00e9nements: les rencontres Africa 2016 de la fondation AfricaFrance de Lionel Zinsou \u00e0 Paris, la 3\u00e8 \u00e9dition du Rebranding Africa Forum de Thierry Hot \u00e0 Bruxelles et le deuxi\u00e8me sommet mondial des femmes pr\u00e9sidentes de parlement \u00e0 Abu Dhabi aux \u00c9mirats arabes unis.<\/p>\n<p>J&rsquo;avais une vague id\u00e9e de la terre o\u00f9 je posais mes valises. C&rsquo;est plus tard que j&rsquo;ai appris \u00e0 conna\u00eetre la ville natale des fr\u00e8res Lumi\u00e8re et de Victor Hugo. J&rsquo;ai appris que l&rsquo;ancien pr\u00e9sident s\u00e9n\u00e9galais Abdoulaye Wade y avait fait une partie de ses \u00e9tudes et avait \u00e9t\u00e9 avocat stagiaire au barreau de Besan\u00e7on.<\/p>\n<p>Je suis fier d&rsquo;avoir v\u00e9cu sept pr\u00e9cieuses ann\u00e9es dans cette ville multiculturelle. C&rsquo;est pourquoi c&rsquo;est un honneur pour moi d&rsquo;avoir pr\u00e9sent\u00e9 Bardot 18, mon deuxi\u00e8me roman en hommage \u00e0 Besan\u00e7on, lors de la 8\u00e8 \u00e9dition Livre dans la Boucle le week-end dernier. Gratitude bardot-esque \u00e0 Madame Anne Vignot, maire de Besan\u00e7on, et \u00e0 toutes les belles personnes que j&rsquo;ai crois\u00e9es pendant ces ann\u00e9es sur cette terre d&rsquo;hospitalit\u00e9.<\/p>\n<p>Vive l&rsquo;horizontalit\u00e9 entre les peuples. \ud83d\ude07<\/p>\n","protected":false},"excerpt":{"rendered":"<p>Je suis arriv\u00e9 \u00e0 Besan\u00e7on le 12 septembre 2016 en provenance de Cotonou. J&rsquo;\u00e9tais en France en tant que journaliste pour la couverture de trois \u00e9v\u00e9nements: les rencontres Africa 2016 de la fondation AfricaFrance de Lionel Zinsou \u00e0 Paris, la 3\u00e8 \u00e9dition du Rebranding Africa Forum de Thierry Hot \u00e0 Bruxelles et le deuxi\u00e8me sommet [&hellip;]<\/p>\n","protected":false},"author":2,"featured_media":4471,"comment_status":"closed","ping_status":"closed","sticky":false,"template":"","format":"standard","meta":{"footnotes":""},"categories":[3],"tags":[],"class_list":["post-4470","post","type-post","status-publish","format-standard","has-post-thumbnail","hentry","category-culture"],"_links":{"self":[{"href":"https:\/\/goulyzia.net\/index.php\/wp-json\/wp\/v2\/posts\/4470","targetHints":{"allow":["GET"]}}],"collection":[{"href":"https:\/\/goulyzia.net\/index.php\/wp-json\/wp\/v2\/posts"}],"about":[{"href":"https:\/\/goulyzia.net\/index.php\/wp-json\/wp\/v2\/types\/post"}],"author":[{"embeddable":true,"href":"https:\/\/goulyzia.net\/index.php\/wp-json\/wp\/v2\/users\/2"}],"replies":[{"embeddable":true,"href":"https:\/\/goulyzia.net\/index.php\/wp-json\/wp\/v2\/comments?post=4470"}],"version-history":[{"count":1,"href":"https:\/\/goulyzia.net\/index.php\/wp-json\/wp\/v2\/posts\/4470\/revisions"}],"predecessor-version":[{"id":4472,"href":"https:\/\/goulyzia.net\/index.php\/wp-json\/wp\/v2\/posts\/4470\/revisions\/4472"}],"wp:featuredmedia":[{"embeddable":true,"href":"https:\/\/goulyzia.net\/index.php\/wp-json\/wp\/v2\/media\/4471"}],"wp:attachment":[{"href":"https:\/\/goulyzia.net\/index.php\/wp-json\/wp\/v2\/media?parent=4470"}],"wp:term":[{"taxonomy":"category","embeddable":true,"href":"https:\/\/goulyzia.net\/index.php\/wp-json\/wp\/v2\/categories?post=4470"},{"taxonomy":"post_tag","embeddable":true,"href":"https:\/\/goulyzia.net\/index.php\/wp-json\/wp\/v2\/tags?post=4470"}],"curies":[{"name":"wp","href":"https:\/\/api.w.org\/{rel}","templated":true}]}}