{"id":4529,"date":"2023-11-25T15:48:21","date_gmt":"2023-11-25T14:48:21","guid":{"rendered":"https:\/\/goulyzia.net\/?p=4529"},"modified":"2023-11-28T15:49:13","modified_gmt":"2023-11-28T14:49:13","slug":"devoir-de-memoire-3","status":"publish","type":"post","link":"https:\/\/goulyzia.net\/index.php\/2023\/11\/25\/devoir-de-memoire-3\/","title":{"rendered":"Devoir de m\u00e9moire"},"content":{"rendered":"<p>Ce jour-l\u00e0<br \/>\n25 novembre 2016<\/p>\n<p>D\u00e9c\u00e8s \u00e0 90 ans de Fidel Castro, grand ami de l&rsquo;Afrique libre.<\/p>\n<p>\u00a0\u00bb Cette \u00e9pop\u00e9e que nous devons vivre va \u00eatre \u00e9crite par les masses affam\u00e9es d&rsquo;individus, de paysans sans terre, d&rsquo;ouvriers exploit\u00e9s,; elle va \u00eatre \u00e9crite par les masses progressistes, les intellectuels honn\u00eates et de valeur&#8230;.Ce sera une lutte de masses et d&rsquo;id\u00e9es. C&rsquo;est une \u00e9pop\u00e9e que r\u00e9aliseront nos peuples opprim\u00e9s et humili\u00e9s et que, jusqu&rsquo;\u00e0 nos jours, l&rsquo;imp\u00e9rialisme sous-estimait et qui commencent \u00e0 lui enlever le sommeil\u2026\u00a0\u00bb Fidel Castro, Le Peuple de Cuba, Territoire Libre d&rsquo;Am\u00e9rique, 4 f\u00e9vrier 1962.<\/p>\n","protected":false},"excerpt":{"rendered":"<p>Ce jour-l\u00e0 25 novembre 2016 D\u00e9c\u00e8s \u00e0 90 ans de Fidel Castro, grand ami de l&rsquo;Afrique libre. \u00a0\u00bb Cette \u00e9pop\u00e9e que nous devons vivre va \u00eatre \u00e9crite par les masses affam\u00e9es d&rsquo;individus, de paysans sans terre, d&rsquo;ouvriers exploit\u00e9s,; elle va \u00eatre \u00e9crite par les masses progressistes, les intellectuels honn\u00eates et de valeur&#8230;.Ce sera une lutte [&hellip;]<\/p>\n","protected":false},"author":2,"featured_media":4530,"comment_status":"closed","ping_status":"closed","sticky":false,"template":"","format":"standard","meta":{"footnotes":""},"categories":[7,11],"tags":[],"class_list":["post-4529","post","type-post","status-publish","format-standard","has-post-thumbnail","hentry","category-histoire","category-politique"],"_links":{"self":[{"href":"https:\/\/goulyzia.net\/index.php\/wp-json\/wp\/v2\/posts\/4529","targetHints":{"allow":["GET"]}}],"collection":[{"href":"https:\/\/goulyzia.net\/index.php\/wp-json\/wp\/v2\/posts"}],"about":[{"href":"https:\/\/goulyzia.net\/index.php\/wp-json\/wp\/v2\/types\/post"}],"author":[{"embeddable":true,"href":"https:\/\/goulyzia.net\/index.php\/wp-json\/wp\/v2\/users\/2"}],"replies":[{"embeddable":true,"href":"https:\/\/goulyzia.net\/index.php\/wp-json\/wp\/v2\/comments?post=4529"}],"version-history":[{"count":1,"href":"https:\/\/goulyzia.net\/index.php\/wp-json\/wp\/v2\/posts\/4529\/revisions"}],"predecessor-version":[{"id":4531,"href":"https:\/\/goulyzia.net\/index.php\/wp-json\/wp\/v2\/posts\/4529\/revisions\/4531"}],"wp:featuredmedia":[{"embeddable":true,"href":"https:\/\/goulyzia.net\/index.php\/wp-json\/wp\/v2\/media\/4530"}],"wp:attachment":[{"href":"https:\/\/goulyzia.net\/index.php\/wp-json\/wp\/v2\/media?parent=4529"}],"wp:term":[{"taxonomy":"category","embeddable":true,"href":"https:\/\/goulyzia.net\/index.php\/wp-json\/wp\/v2\/categories?post=4529"},{"taxonomy":"post_tag","embeddable":true,"href":"https:\/\/goulyzia.net\/index.php\/wp-json\/wp\/v2\/tags?post=4529"}],"curies":[{"name":"wp","href":"https:\/\/api.w.org\/{rel}","templated":true}]}}