{"id":4533,"date":"2023-11-28T15:53:02","date_gmt":"2023-11-28T14:53:02","guid":{"rendered":"https:\/\/goulyzia.net\/?p=4533"},"modified":"2023-11-28T15:56:41","modified_gmt":"2023-11-28T14:56:41","slug":"sahel-la-strategie-du-pourrissement-a-vecu","status":"publish","type":"post","link":"https:\/\/goulyzia.net\/index.php\/2023\/11\/28\/sahel-la-strategie-du-pourrissement-a-vecu\/","title":{"rendered":"Sahel: la strat\u00e9gie du pourrissement a v\u00e9cu"},"content":{"rendered":"<p>Bien curieuse la sobri\u00e9t\u00e9 de certains m\u00e9dias francophiles &#8211; tr\u00e8s hardis d&rsquo;habitude dans le bashing des r\u00e9gimes militaires au pouvoir au Niger, au Faso et au Mali &#8211; relativement \u00e0 la lib\u00e9ration de Kidal par les forces arm\u00e9es maliennes ces derni\u00e8res semaines. D&rsquo;abord par la voix d&rsquo;experts choisis et d&rsquo;un correspondant &#8211; on comprend aujourd&rsquo;hui qu&rsquo;il est bien plus qu&rsquo;un simple reporter \u00ab\u00a0qui ne fait que son travail\u00a0\u00bb &#8211; qui ont tent\u00e9 de minorer la donne par cette formule : \u00ab\u00a0entrer \u00e0 Kidal ce n&rsquo;est pas ma\u00eetriser Kidal\u00a0\u00bb. Et quand un magazine parisien en papier glac\u00e9 s&rsquo;est d\u00e9cid\u00e9 \u00e0 en parler \u00e0 coups d&rsquo;articles sponsoris\u00e9s, cela a donn\u00e9 \u00ab\u00a0Avec l&rsquo;aide des mercenaires de Wagner&#8230; Assimi Go\u00efta&#8230;\u00a0\u00bb. L&rsquo;\u00e9pouvantail russe, raccourci tout trouv\u00e9 pour ne pas se regarder dans son propre miroir. Comme le mart\u00e8le l&rsquo;Am\u00e9ricain Henri Kissinger, \u00ab\u00a0la diabolisation de Vladimir Poutine n&rsquo;est pas une politique; c&rsquo;est un alibi pour ne pas en avoir une\u00a0\u00bb.<\/p>\n<p>De nombreuses \u00e9minences grises parisiennes ne dig\u00e8rent pas encore le fiasco sah\u00e9lien. Personne ne dit que tout est rose au Mali. Mais on parle de la m\u00eame arm\u00e9e malienne moqu\u00e9e dix ans en arri\u00e8re pour l&rsquo;indigence de son arsenal, la mauvaise formation de ses troupes et les surfacturations faisant passer une paire de chaussettes de fantassin \u00e0 plus de 30 euros. C&rsquo;est \u00e0 croire que dans la t\u00eate de certains Africains les questions d&rsquo;int\u00e9grit\u00e9 territoriale se r\u00e8glent autour de s\u00e9minaires, de colloques, de per diem, de petits fours et de croissants.<\/p>\n<p>Le statu quo de ni paix ni guerre ob\u00e9issait \u00e0 une logique de pourrissement et de chaos. C&rsquo;est mon postulat. L&rsquo;opinion de l&rsquo;expert suisse du renseignement Jacques Baud ( pr\u00e9sent\u00e9 comme un conspirationniste par des think tanks financ\u00e9s par l&rsquo;Union Europ\u00e9enne et les USA, on peut lui conc\u00e9der au moins sa neutralit\u00e9 helv\u00e9tique) est instructive. Dans son ouvrage ( en photo), il tente de d\u00e9construire des id\u00e9es re\u00e7ues en mati\u00e8re de s\u00e9curit\u00e9 en confrontant les actes des politiques et les sources officielles de ces actes. Dans la guerre syrienne, de l&rsquo;aveu de John Kerry d\u00e9voil\u00e9 par Wikileaks, l&rsquo;enjeu n&rsquo;\u00e9tait nullement l&rsquo;an\u00e9antissement de l&rsquo;Etat islamique que les alli\u00e9s occidentaux ont laiss\u00e9 prosp\u00e9rer pour en faire un contre-poids dans les n\u00e9gociations avec le pouvoir central d&rsquo;Assad. La coalition n&rsquo;avait pas pr\u00e9vu l&rsquo;entr\u00e9e en sc\u00e8ne de la Russie. Cette strat\u00e9gie d&rsquo;inspiration atlantiste a pr\u00e9valu pendant dix ans dans le nord du Mali. Moussa Mara, jeune et fougueux Premier ministre d&rsquo;IBK ne dira pas le contraire, lui qui a voulu se rendre \u00e0 Kidal contre l&rsquo;avis de Paris et de la Minusma en 2014.<\/p>\n<p>Une nouvelle architecture de s\u00e9curit\u00e9 collective \u00e9rig\u00e9e de fa\u00e7on endog\u00e8ne et strat\u00e9gique est en marche au Sahel. Elle est loin de la verticalit\u00e9 et de l&rsquo;extraversion du G5 Sahel noy\u00e9 par la mainmise op\u00e9rationnelle de Paris. Il faudra d\u00e9sormais faire avec plut\u00f4t que se murer dans un nombrilisme condescendant et un enfermement intellectuel de civilisation.<\/p>\n","protected":false},"excerpt":{"rendered":"<p>Bien curieuse la sobri\u00e9t\u00e9 de certains m\u00e9dias francophiles &#8211; tr\u00e8s hardis d&rsquo;habitude dans le bashing des r\u00e9gimes militaires au pouvoir au Niger, au Faso et au Mali &#8211; relativement \u00e0 la lib\u00e9ration de Kidal par les forces arm\u00e9es maliennes ces derni\u00e8res semaines. D&rsquo;abord par la voix d&rsquo;experts choisis et d&rsquo;un correspondant &#8211; on comprend aujourd&rsquo;hui [&hellip;]<\/p>\n","protected":false},"author":2,"featured_media":4536,"comment_status":"closed","ping_status":"closed","sticky":false,"template":"","format":"standard","meta":{"footnotes":""},"categories":[4,11,12],"tags":[],"class_list":["post-4533","post","type-post","status-publish","format-standard","has-post-thumbnail","hentry","category-diplomatie","category-politique","category-securite"],"_links":{"self":[{"href":"https:\/\/goulyzia.net\/index.php\/wp-json\/wp\/v2\/posts\/4533","targetHints":{"allow":["GET"]}}],"collection":[{"href":"https:\/\/goulyzia.net\/index.php\/wp-json\/wp\/v2\/posts"}],"about":[{"href":"https:\/\/goulyzia.net\/index.php\/wp-json\/wp\/v2\/types\/post"}],"author":[{"embeddable":true,"href":"https:\/\/goulyzia.net\/index.php\/wp-json\/wp\/v2\/users\/2"}],"replies":[{"embeddable":true,"href":"https:\/\/goulyzia.net\/index.php\/wp-json\/wp\/v2\/comments?post=4533"}],"version-history":[{"count":1,"href":"https:\/\/goulyzia.net\/index.php\/wp-json\/wp\/v2\/posts\/4533\/revisions"}],"predecessor-version":[{"id":4535,"href":"https:\/\/goulyzia.net\/index.php\/wp-json\/wp\/v2\/posts\/4533\/revisions\/4535"}],"wp:featuredmedia":[{"embeddable":true,"href":"https:\/\/goulyzia.net\/index.php\/wp-json\/wp\/v2\/media\/4536"}],"wp:attachment":[{"href":"https:\/\/goulyzia.net\/index.php\/wp-json\/wp\/v2\/media?parent=4533"}],"wp:term":[{"taxonomy":"category","embeddable":true,"href":"https:\/\/goulyzia.net\/index.php\/wp-json\/wp\/v2\/categories?post=4533"},{"taxonomy":"post_tag","embeddable":true,"href":"https:\/\/goulyzia.net\/index.php\/wp-json\/wp\/v2\/tags?post=4533"}],"curies":[{"name":"wp","href":"https:\/\/api.w.org\/{rel}","templated":true}]}}