{"id":457,"date":"2017-08-12T10:10:44","date_gmt":"2017-08-12T09:10:44","guid":{"rendered":"https:\/\/goulyzia.wordpress.com\/?p=457"},"modified":"2023-06-04T17:17:55","modified_gmt":"2023-06-04T15:17:55","slug":"musique-gnonnas-pedro-for-ever","status":"publish","type":"post","link":"https:\/\/goulyzia.net\/index.php\/2017\/08\/12\/musique-gnonnas-pedro-for-ever\/","title":{"rendered":"Musique: Gnonnas Pedro for ever !"},"content":{"rendered":"<p>La Salsa, marque de fabrique de Cuba, tient ses origines de K\u00e9tou, un des plus anciens anciens royaumes du sud-est du B\u00e9nin. C&rsquo;est cette salsa que le g\u00e9nie de Lokossa s&rsquo;est employ\u00e9 \u00e0 promouvoir tout le long de ses 40 ann\u00e9es de carri\u00e8re musicale. Une carri\u00e8re \u00e0 laquelle le producteur s\u00e9n\u00e9galais Ibrahima Sylla avait donn\u00e9 une stature internationale avec le mythique groupe Africando. &nbsp;13 ans apr\u00e8s sa disparition, son titre \u00ab K\u00e9tou-Cuba \u00bb r\u00e9sonne dans les m\u00e9moires \u00e0 travers quelques c\u00e9l\u00e9brations avec les moyens du bord. Mais l&rsquo;hommage d&rsquo;envergure nationale \u00e0 la hauteur du talent de Gnonnas Pedro tarde \u00e0 se concr\u00e9tiser. Vivement que le gouvernement de \u00ab\u00a0la Rupture\u00a0\u00bb, \u00ab\u00a0le B\u00e9nin r\u00e9v\u00e9l\u00e9\u00a0\u00bb de Patrice Talon, &nbsp;s&rsquo;y penche.Bien plus qu&rsquo;une action politique, un devoir de m\u00e9moire pour les g\u00e9n\u00e9rations futures. Comme l&rsquo;a dit le metteur en sc\u00e8ne fran\u00e7ais Jean Vilar \u00ab\u00a0<em>La Culture, ce n&rsquo;est pas ce qui reste quand on a tout oubli\u00e9, mais au contraire, ce qui reste \u00e0 conna\u00eetre quand on ne vous a rien enseign\u00e9.\u00a0\u00bb<\/em><\/p>\n","protected":false},"excerpt":{"rendered":"<p>La Salsa, marque de fabrique de Cuba, tient ses origines de K\u00e9tou, un des plus anciens anciens royaumes du sud-est du B\u00e9nin. C&rsquo;est cette salsa que le g\u00e9nie de Lokossa s&rsquo;est employ\u00e9 \u00e0 promouvoir tout le long de ses 40 ann\u00e9es de carri\u00e8re musicale. Une carri\u00e8re \u00e0 laquelle le producteur s\u00e9n\u00e9galais Ibrahima Sylla avait donn\u00e9 [&hellip;]<\/p>\n","protected":false},"author":2,"featured_media":476,"comment_status":"open","ping_status":"open","sticky":false,"template":"","format":"image","meta":{"footnotes":""},"categories":[3],"tags":[],"class_list":["post-457","post","type-post","status-publish","format-image","has-post-thumbnail","hentry","category-culture","post_format-post-format-image"],"_links":{"self":[{"href":"https:\/\/goulyzia.net\/index.php\/wp-json\/wp\/v2\/posts\/457","targetHints":{"allow":["GET"]}}],"collection":[{"href":"https:\/\/goulyzia.net\/index.php\/wp-json\/wp\/v2\/posts"}],"about":[{"href":"https:\/\/goulyzia.net\/index.php\/wp-json\/wp\/v2\/types\/post"}],"author":[{"embeddable":true,"href":"https:\/\/goulyzia.net\/index.php\/wp-json\/wp\/v2\/users\/2"}],"replies":[{"embeddable":true,"href":"https:\/\/goulyzia.net\/index.php\/wp-json\/wp\/v2\/comments?post=457"}],"version-history":[{"count":1,"href":"https:\/\/goulyzia.net\/index.php\/wp-json\/wp\/v2\/posts\/457\/revisions"}],"predecessor-version":[{"id":4298,"href":"https:\/\/goulyzia.net\/index.php\/wp-json\/wp\/v2\/posts\/457\/revisions\/4298"}],"wp:featuredmedia":[{"embeddable":true,"href":"https:\/\/goulyzia.net\/index.php\/wp-json\/wp\/v2\/media\/476"}],"wp:attachment":[{"href":"https:\/\/goulyzia.net\/index.php\/wp-json\/wp\/v2\/media?parent=457"}],"wp:term":[{"taxonomy":"category","embeddable":true,"href":"https:\/\/goulyzia.net\/index.php\/wp-json\/wp\/v2\/categories?post=457"},{"taxonomy":"post_tag","embeddable":true,"href":"https:\/\/goulyzia.net\/index.php\/wp-json\/wp\/v2\/tags?post=457"}],"curies":[{"name":"wp","href":"https:\/\/api.w.org\/{rel}","templated":true}]}}