{"id":4653,"date":"2024-04-10T09:16:51","date_gmt":"2024-04-10T07:16:51","guid":{"rendered":"https:\/\/goulyzia.net\/?p=4653"},"modified":"2024-04-10T11:15:55","modified_gmt":"2024-04-10T09:15:55","slug":"intellectuels-et-pouvoir","status":"publish","type":"post","link":"https:\/\/goulyzia.net\/index.php\/2024\/04\/10\/intellectuels-et-pouvoir\/","title":{"rendered":"Les intellectuels africains ont-ils \u00e9chou\u00e9 au pouvoir ?"},"content":{"rendered":"<p>J&rsquo;ai retrouv\u00e9 ce num\u00e9ro du magazine goupill\u00e9 \u00e0 l&rsquo;\u00e9poque par mon confr\u00e8re et a\u00een\u00e9 Honorat de Y\u00e9dagne, ancien DG de Frat-Mat. L&rsquo;homme \u00e0 qui l&rsquo;on doit la formule iconoclaste \u00ab\u00a0ni neutre ni partisan &lsquo; qui a fait le succ\u00e8s \u00e9ditorial et commercial du quotidien ivoirien de service public sous Laurent Gbagbo. J&rsquo;ai rencontr\u00e9 le journaliste pour la premi\u00e8re fois en amphi, \u00e0 la fac de droit de Cocody, en 2003. J&rsquo;\u00e9tais en licence de droit public. Il avait \u00e9t\u00e9 invit\u00e9 pour ce qu&rsquo;on appellerait aujourd&rsquo;hui un \u00ab\u00a0meet and greet\u00a0\u00bb par l&rsquo;actuel doyen de la fac de droit de Cocody, le professeur Abraham Gadji alors \u00e9tudiant en DEA. Le droit me laissait de marbre, le journalisme me donnait des frissons. Je lui avais pos\u00e9 une question lors des \u00e9changes : \u00ab\u00a0le journalisme nourrit-il son homme en Afrique ? \u00ab\u00a0. Dix ans apr\u00e8s, \u00e0 la faveur d&rsquo;une interview avec lui \u00e0 Abidjan, je lui avais rappel\u00e9 l&rsquo;anecdote. On en a rigol\u00e9 puisque j&rsquo;avais moi-m\u00eame d\u00e9sormais la r\u00e9ponse \u00e0 ma question. <\/p>\n<p>Intellectuels et pouvoir. Vaste th\u00e9matique qui pourrait faire l&rsquo;objet d&rsquo;une th\u00e8se et qu&rsquo;on ne saurait \u00e9puiser dans un post pr\u00e9tendument savant. Le mot intellectuel lui-m\u00eame pourrait faire l&rsquo;objet d&rsquo;un d\u00e9bat. Qui est intellectuel et qui ne l&rsquo;est pas ? Le dipl\u00f4me a une fonction de validation d&rsquo;une pr\u00e9somption simple de connaissance et de comp\u00e9tence dans un domaine pr\u00e9cis. On forme tellement de dipl\u00f4m\u00e9s qui croient \u00eatre sortis de la cuisse de Jupiter avec leur s\u00e9same acad\u00e9mique alors qu&rsquo;ils \u00e9chouent \u00e0 produire ce qu&rsquo;on attend d&rsquo;eux : une prise de position scientifique sur les probl\u00e8mes de leur \u00e9poque.<\/p>\n<p>Les intellectuels ont-ils \u00e9chou\u00e9 dans l&rsquo;exercice du pouvoir ? Mieux, a-t-on voulu les faire \u00e9chouer ou ont-ils eux-m\u00eames saborder leur pouvoir ? Le num\u00e9ro d&rsquo;Afrique Comp\u00e9tence dresse le bilan du S\u00e9n\u00e9galais Wade, des Ivoiriens Gbagbo et Wodi\u00e9 et du Congolais Lissouba.<\/p>\n<p>En  ao\u00fbt 2012, j&rsquo;effectuais une pige pour une t\u00e9l\u00e9vision panafricaine \u00e0 Kinkala, \u00e0 une soixantaine de kilom\u00e8tres de Brazzaville, dans le cadre de la f\u00eate nationale congolaise. Cette ann\u00e9e-l\u00e0, j&rsquo;avais interview\u00e9 l&rsquo;opposante Claudine Munari, ancienne directrice de cabinet de Pascal Lissouba. Les partisans de Sassou Nguesso ont toujours pr\u00e9sent\u00e9 Lissouba comme un \u00ab\u00a0incomp\u00e9tent et ethnocentriste\u00a0\u00bb. A la fin de la c\u00e9r\u00e9monie,  je m&rsquo;\u00e9tais rapproch\u00e9 de la tribune officielle. J&rsquo;avais attendu que Madame Munari termine sa cigarette. Et quand elle a commenc\u00e9 \u00e0 parler \u00e0 mon micro, j&rsquo;ai compris qu&rsquo;elle \u00e9tait une femme de pouvoir qui avait du coffre et de la mati\u00e8re grise \u00e0 revendre. On noircit toujours le tableau de l&rsquo;adversaire qu&rsquo;on veut noyer. <\/p>\n<p>Que n&rsquo;a-t-on pas dit du r\u00e9gime Gbagbo ? \u00ab\u00a0Un r\u00e9gime de professeurs incapable m\u00eame d&rsquo;\u00e9laborer un simple budget\u00a0\u00bb. La formule intelligente du \u00ab\u00a0budget s\u00e9curis\u00e9\u00a0\u00bb du ministre Paul Antoine Bohoun Bouabr\u00e9 dans un pays coup\u00e9 en deux ( o\u00f9 le Burkina \u00e9tait devenu curieusement exportateur de cacao ) sous-tendue par une option pr\u00e9f\u00e9rentielle des ressources endog\u00e8nes mobilisables avait conduit le pays au point d&rsquo;ach\u00e8vement de l&rsquo;initiative PPTE.<br \/>\nSamedi dernier \u00e0 Agboville, lors de la f\u00eate de son nouvel appareil politique, Laurent Gbagbo, en fin historien, est revenu sur un \u00e9pisode tragique de l&rsquo;Histoire de la C\u00f4te d&rsquo;Ivoire : la nationalisation de deux banques fran\u00e7aises en pleine crise post\u00e9lectorale quand les avoirs de la C\u00f4te d&rsquo;Ivoire avaient \u00e9t\u00e9 gel\u00e9s \u00e0 la BCEAO et qu&rsquo;au terme d&rsquo;une r\u00e9union aux contours flous \u00e0 Bamako le gouverneur Tabley avait \u00e9t\u00e9 contraint \u00e0 la d\u00e9mission. Ironie du sort, douze ans plus tard, Bamako ne veut plus sentir la CEDEAO. Du haut de sa tribune en pays Abbey , Gbagbo proph\u00e9tise m\u00eame la fin programm\u00e9e du CFA dans une d\u00e9cennie. \u00ab\u00a0Plus personne n&rsquo;a peur quand on parle du CFA\u00a0\u00bb, a-t-il martel\u00e9 devant une foule acquise \u00e0 son aura de tribun. Pourtant au cours de sa campagne du second tour de la pr\u00e9sidentielle de 2010, il disait vouloir \u00e9largir le FCFA \u00e0 la sph\u00e8re anglophone au Liberia, \u00e0 la Sierra leone&#8230; La suite, on la connait. La r\u00e9solution 1975  du Conseil de s\u00e9curit\u00e9 en date du 30 mars 2011 a fait basculer le rapport de force dans la bellig\u00e9rance d\u00e9j\u00e0 ouverte.<br \/>\nLes intellectuels ont-ils \u00e9chou\u00e9 ou ont-ils sabord\u00e9 eux-m\u00eames leur pouvoir? A chacun sa petite id\u00e9e.<\/p>\n","protected":false},"excerpt":{"rendered":"<p>J&rsquo;ai retrouv\u00e9 ce num\u00e9ro du magazine goupill\u00e9 \u00e0 l&rsquo;\u00e9poque par mon confr\u00e8re et a\u00een\u00e9 Honorat de Y\u00e9dagne, ancien DG de Frat-Mat. L&rsquo;homme \u00e0 qui l&rsquo;on doit la formule iconoclaste \u00ab\u00a0ni neutre ni partisan &lsquo; qui a fait le succ\u00e8s \u00e9ditorial et commercial du quotidien ivoirien de service public sous Laurent Gbagbo. J&rsquo;ai rencontr\u00e9 le journaliste [&hellip;]<\/p>\n","protected":false},"author":2,"featured_media":4654,"comment_status":"closed","ping_status":"closed","sticky":false,"template":"","format":"standard","meta":{"footnotes":""},"categories":[11],"tags":[],"class_list":["post-4653","post","type-post","status-publish","format-standard","has-post-thumbnail","hentry","category-politique"],"_links":{"self":[{"href":"https:\/\/goulyzia.net\/index.php\/wp-json\/wp\/v2\/posts\/4653","targetHints":{"allow":["GET"]}}],"collection":[{"href":"https:\/\/goulyzia.net\/index.php\/wp-json\/wp\/v2\/posts"}],"about":[{"href":"https:\/\/goulyzia.net\/index.php\/wp-json\/wp\/v2\/types\/post"}],"author":[{"embeddable":true,"href":"https:\/\/goulyzia.net\/index.php\/wp-json\/wp\/v2\/users\/2"}],"replies":[{"embeddable":true,"href":"https:\/\/goulyzia.net\/index.php\/wp-json\/wp\/v2\/comments?post=4653"}],"version-history":[{"count":4,"href":"https:\/\/goulyzia.net\/index.php\/wp-json\/wp\/v2\/posts\/4653\/revisions"}],"predecessor-version":[{"id":4658,"href":"https:\/\/goulyzia.net\/index.php\/wp-json\/wp\/v2\/posts\/4653\/revisions\/4658"}],"wp:featuredmedia":[{"embeddable":true,"href":"https:\/\/goulyzia.net\/index.php\/wp-json\/wp\/v2\/media\/4654"}],"wp:attachment":[{"href":"https:\/\/goulyzia.net\/index.php\/wp-json\/wp\/v2\/media?parent=4653"}],"wp:term":[{"taxonomy":"category","embeddable":true,"href":"https:\/\/goulyzia.net\/index.php\/wp-json\/wp\/v2\/categories?post=4653"},{"taxonomy":"post_tag","embeddable":true,"href":"https:\/\/goulyzia.net\/index.php\/wp-json\/wp\/v2\/tags?post=4653"}],"curies":[{"name":"wp","href":"https:\/\/api.w.org\/{rel}","templated":true}]}}