{"id":4709,"date":"2024-07-09T12:40:55","date_gmt":"2024-07-09T10:40:55","guid":{"rendered":"https:\/\/goulyzia.net\/?p=4709"},"modified":"2024-07-09T12:40:55","modified_gmt":"2024-07-09T10:40:55","slug":"a-propos-de-lexcellence-en-milieu-scolaire","status":"publish","type":"post","link":"https:\/\/goulyzia.net\/index.php\/2024\/07\/09\/a-propos-de-lexcellence-en-milieu-scolaire\/","title":{"rendered":"\u00c0 propos de l\u2019excellence en milieu scolaire"},"content":{"rendered":"<p>La C\u00f4te d\u2019Ivoire enregistre depuis hier plus de 117.000  nouveaux bacheliers pour un taux de r\u00e9ussite de 34,17 % , en hausse de deux points par rapport \u00e0 2023. On a assist\u00e9 hier \u00e0 des sc\u00e8nes d\u2019hyst\u00e9rie dans les 559 centres d\u2019examen r\u00e9partis sur le territoire national.  Bon point pour la ministre Mari\u00e9tou Kon\u00e9 qui continue d\u2019imprimer sa marque d\u2019efficacit\u00e9 et de discr\u00e9tion \u00e0 l&rsquo;\u00e9cole ivoirienne, comme ses illustres pr\u00e9d\u00e9cesseurs Lambert Amon-Tanoh,  Paul Akoto Yao, Odette Kouam\u00e9, Vamoussa Bamba, Saliou Tour\u00e9 ou encore Pierre Kipr\u00e9.  Le bac et ses \u00e9motions, une histoire que tout bachelier garde au fond de sa m\u00e9moire.<\/p>\n<p>J\u2019ai retrouv\u00e9 la collante de mon bac 1998 sous le ministre Pierre Kipr\u00e9. Il y a 26 ans, le sujet de philosophie de la session de juin \u00e9tait libell\u00e9 comme suit : \u00ab L\u2019homme peut-il \u00e9chapper \u00e0 l\u2019irrationnel ? \u00bb. Pour le fr\u00eale lyc\u00e9en de 18 ans que j\u2019\u00e9tais, le sujet se r\u00e9v\u00e9lait inspirant. Je venais de perdre mon p\u00e8re en f\u00e9vrier, \u00e0 la suite d\u2019un tragique accident aux circonstances rationnellement inextricables. Il \u00e9tait l\u2019inspecteur de l\u2019enseignement primaire de la ville  de San Pedro depuis deux petites ann\u00e9es. J\u2019ai  encore en m\u00e9moire la sc\u00e8ne du proviseur du lyc\u00e9e moderne pronon\u00e7ant les r\u00e9sultats, m\u00e9gaphone en main, dans une cour de lyc\u00e9e \u00e9lectris\u00e9e. J\u2019ai d\u00e9croch\u00e9 le bac litt\u00e9raire s\u00e9rie A2 avec la mention bien, une note de 15\/20 en philosophie, un total de 296 points\/ 400, me classant ainsi premier bachelier de la r\u00e9gion et parmi les meilleurs de la cuv\u00e9e 1997-1998 sur le plan national, devanc\u00e9 par les bacheliers scientifiques. Je ne venais pas d\u2019un lyc\u00e9e d\u2019excellence.<\/p>\n<p>Depuis hier, on salue les taux de r\u00e9ussite qui fr\u00f4lent 100% dans les \u00e9tablissements d\u2019excellence d\u00e9cr\u00e9t\u00e9s en C\u00f4te d\u2019Ivoire. Cette vision \u00e9litiste fond\u00e9e sur  la comp\u00e9tition scolaire me g\u00e8ne personnellement. Calqu\u00e9e sur la summa divisio entre scientifiques et litt\u00e9raires, elle instille d\u2019abord une sorte de comp\u00e9tition qui n\u2019a pas lieu d\u2019\u00eatre en milieu scolaire. Elle produit souvent dans la t\u00eate d\u2019\u00e9l\u00e8ves sortis de ces \u00ab\u00a0moules d&rsquo;excellence\u00a0\u00bb un complexe de sup\u00e9riorit\u00e9 larv\u00e9 qui transparait souvent dans leur prise de parole. L\u2019\u00e9cole doit r\u00e9v\u00e9ler en chaque enfant le meilleur de lui-m\u00eame. Chaque enfant a un potentiel singulier que l\u2019\u00e9cole doit aider \u00e0 mettre en valeur.<br \/>\nIl y a surtout ce manque d\u2019\u00e9quit\u00e9 qui frappe les \u00e9coles \u00ab d\u2019excellence \u00bb et les autres \u00e9tablissements publics. Effectifs pl\u00e9thoriques, manque d\u2019enseignants, indigence du plateau didactique. En clair, on entoure les uns de toutes les conditions propices \u00e0 une r\u00e9ussite retentissante  et on demande aux autres de se d\u00e9brouiller. <\/p>\n<p>Lors de mon r\u00e9cent s\u00e9jour \u00e0 San Pedro, j\u2019ai rencontr\u00e9 le directeur r\u00e9gional de l\u2019Education nationale pour lui faire part de mon projet de pr\u00e9sentation de Bardot 18 ( mon deuxi\u00e8me roman en hommage \u00e0 San Pedro ) au jeune public des lyc\u00e9es et coll\u00e8ges de la r\u00e9gion. Il a donn\u00e9 son accord et m\u2019a convi\u00e9 \u00e0 la journ\u00e9e de l\u2019excellence organis\u00e9e par sa direction le 11 juillet prochain \u00e0 l\u2019Universit\u00e9 polytechnique de San Pedro. Mon agenda ne me permettait pas de rester plus longtemps. On a pris rendez-vous pour l\u2019ann\u00e9e prochaine. <\/p>\n<p>26 ans apr\u00e8s, je suis revenu sur mes pas, au lyc\u00e9e o\u00f9 j\u2019ai obtenu mon bac. Il a \u00e9t\u00e9 rebaptis\u00e9 \u00ab\u00a0Lyc\u00e9e moderne Inagohi\u00a0\u00bb. Rien n\u2019a vraiment chang\u00e9. La petite biblioth\u00e8que du lyc\u00e9e n&rsquo;a jamais \u00e9t\u00e9 agrandie. la salle est peu \u00e9clair\u00e9e, les rayons vides. Il y a 26 ans, je marchais jusqu\u2019\u00e0 l\u2019Alliance fran\u00e7aise pour emprunter un roman ou un ouvrage. Un quart de si\u00e8cle plus tard, le jeune coll\u00e9gien ou lyc\u00e9en de la ville fait le m\u00eame trajet. Pas de biblioth\u00e8que \u00e0 la hauteur de la ville. Pourtant, on y brasse des milliards de FCFA chaque jour et la ville est en chantier. San Pedro, c&rsquo;est le premier port d&rsquo;exportation du cacao au monde.<\/p>\n<p>On a beau jeu de parler d\u2019excellence \u00e0 l\u2019\u00e9cole en f\u00e9licitant les taux de r\u00e9ussite d\u2019un ministre, les probl\u00e8mes structurels demeurent de r\u00e9gime en r\u00e9gime. Ils p\u00e8sent sur le rendement des enseignants et des \u00e9l\u00e8ves. Les tares de l\u2019\u00e9cole ivoiriennes s\u2019accumulent. Paradoxalement, comme une vieille marmite, l&rsquo;\u00e9cole ivoirienne continue d\u2019\u00eatre un vivier in\u00e9puisable de p\u00e9pites qui font la fiert\u00e9 du pays.<\/p>\n<p>Personnellement, j\u2019attends du prochain pr\u00e9sident ivoirien une vision structurante de l\u2019\u00e9cole qui donne sa chance \u00e0 tous les enfants de ce pays<\/p>\n","protected":false},"excerpt":{"rendered":"<p>La C\u00f4te d\u2019Ivoire enregistre depuis hier plus de 117.000 nouveaux bacheliers pour un taux de r\u00e9ussite de 34,17 % , en hausse de deux points par rapport \u00e0 2023. On a assist\u00e9 hier \u00e0 des sc\u00e8nes d\u2019hyst\u00e9rie dans les 559 centres d\u2019examen r\u00e9partis sur le territoire national. Bon point pour la ministre Mari\u00e9tou Kon\u00e9 qui [&hellip;]<\/p>\n","protected":false},"author":2,"featured_media":4714,"comment_status":"closed","ping_status":"closed","sticky":false,"template":"","format":"standard","meta":{"footnotes":""},"categories":[6],"tags":[],"class_list":["post-4709","post","type-post","status-publish","format-standard","has-post-thumbnail","hentry","category-education"],"_links":{"self":[{"href":"https:\/\/goulyzia.net\/index.php\/wp-json\/wp\/v2\/posts\/4709","targetHints":{"allow":["GET"]}}],"collection":[{"href":"https:\/\/goulyzia.net\/index.php\/wp-json\/wp\/v2\/posts"}],"about":[{"href":"https:\/\/goulyzia.net\/index.php\/wp-json\/wp\/v2\/types\/post"}],"author":[{"embeddable":true,"href":"https:\/\/goulyzia.net\/index.php\/wp-json\/wp\/v2\/users\/2"}],"replies":[{"embeddable":true,"href":"https:\/\/goulyzia.net\/index.php\/wp-json\/wp\/v2\/comments?post=4709"}],"version-history":[{"count":1,"href":"https:\/\/goulyzia.net\/index.php\/wp-json\/wp\/v2\/posts\/4709\/revisions"}],"predecessor-version":[{"id":4715,"href":"https:\/\/goulyzia.net\/index.php\/wp-json\/wp\/v2\/posts\/4709\/revisions\/4715"}],"wp:featuredmedia":[{"embeddable":true,"href":"https:\/\/goulyzia.net\/index.php\/wp-json\/wp\/v2\/media\/4714"}],"wp:attachment":[{"href":"https:\/\/goulyzia.net\/index.php\/wp-json\/wp\/v2\/media?parent=4709"}],"wp:term":[{"taxonomy":"category","embeddable":true,"href":"https:\/\/goulyzia.net\/index.php\/wp-json\/wp\/v2\/categories?post=4709"},{"taxonomy":"post_tag","embeddable":true,"href":"https:\/\/goulyzia.net\/index.php\/wp-json\/wp\/v2\/tags?post=4709"}],"curies":[{"name":"wp","href":"https:\/\/api.w.org\/{rel}","templated":true}]}}