{"id":4719,"date":"2024-07-12T11:48:39","date_gmt":"2024-07-12T09:48:39","guid":{"rendered":"https:\/\/goulyzia.net\/?p=4719"},"modified":"2024-07-12T11:48:40","modified_gmt":"2024-07-12T09:48:40","slug":"temps-de-vassalite","status":"publish","type":"post","link":"https:\/\/goulyzia.net\/index.php\/2024\/07\/12\/temps-de-vassalite\/","title":{"rendered":"Temps de vassalit\u00e9"},"content":{"rendered":"<p>Il se passe des choses curieuses dans le Golfe de Guin\u00e9e et au Sahel. Ceux qui en savent un peu trop pr\u00e9f\u00e8rent se taire ou rire \u00e0 s&rsquo;\u00e9touffer. Des affaires tr\u00e8s sensibles, jusque-l\u00e0 r\u00e9serv\u00e9es aux renseignements militaires et \u00e0 la diplomatie, sur la place publique. Un changement de m\u00e9thode dans la parole publique propre \u00e0 la bellig\u00e9rance d&rsquo;usure et au harc\u00e8lement militaire dans la r\u00e9gion.<\/p>\n<p>Hier, dans un discours fleuve, le capitaine Ibrahim Traor\u00e9 a ouvertement accus\u00e9 Abidjan et Cotonou de tentatives de d\u00e9stabilisation du Faso. Wilfried L\u00e9andre Houngb\u00e9dji, porte-parole du gouvernement b\u00e9ninois, parle d&rsquo;un num\u00e9ro de \u00ab\u00a0populisme\u00a0\u00bb. J&rsquo;ai connu Wilfried L\u00e9andre, pendant mes trois ann\u00e9es au B\u00e9nin, quand il \u00e9tait journaliste proche de l&rsquo;UN (la grande coalition de l&rsquo;opposition anim\u00e9e par Houngb\u00e9dji et Amoussou contre Yayi ). Chaque jeudi soir, j&rsquo;\u00e9coutais ses chroniques radio acerbes contre Yayi. Il a gard\u00e9 les qualit\u00e9s qui ont fait sa renomm\u00e9e. Il est dans son r\u00f4le. Mais un r\u00f4le ingrat o\u00f9 il doit avaler des couleuvres. Je l&rsquo;ai vu d\u00e9ployer une \u00e9nergie monstre pour d\u00e9faire l&rsquo;activiste K\u00e9mi S\u00e9ba. Des Africains contre d&rsquo;autres Africains. Rien de nouveau. Sch\u00e9ma immanent de la pr\u00e9dation.<\/p>\n<p>Pourtant des intelligences ext\u00e9rieures sont \u00e0 l&rsquo;\u0153uvre dans le Golfe de Guin\u00e9e et le Sahel. Y-a-t-il un camp militaire fran\u00e7ais dans le nord du B\u00e9nin ? Non, r\u00e9pondent en ch\u0153ur officiels b\u00e9ninois et fran\u00e7ais. La France est entr\u00e9e dans un lifting de sa doctrine militaire en Afrique qui tranche avec une pr\u00e9sence ostentatoire de ses troupes. Des positions op\u00e9rationnelles avanc\u00e9es, en territoires favorables ? Peut-\u00eatre ! La d\u00e9n\u00e9gation et la minoration toujours de mise jusqu&rsquo;\u00e0 des circonstances contraires. Comme l&rsquo;\u00e9crasement d&rsquo;un h\u00e9licopt\u00e8re de combat \u00e0 Benghazi en juillet 2016 qui a co\u00fbt\u00e9 la vie \u00e0 trois sous-officiers fran\u00e7ais. Le pouvoir Hollande s&rsquo;\u00e9tait fendu d&rsquo;un communiqu\u00e9 pour anticiper l&rsquo;avalanche de questions sur cette op\u00e9ration secr\u00e8te. Le 15 ao\u00fbt 2022, le Mali a saisi le Conseil de s\u00e9curit\u00e9 pour demander une r\u00e9union d&rsquo;urgence dans ce qu&rsquo;il consid\u00e9rait comme une violation de son espace a\u00e9rien par des a\u00e9ronefs fran\u00e7ais accus\u00e9s de larguer armes et munitions \u00e0 des terroristes. La r\u00e9union d&rsquo;urgence ne s&rsquo;est jamais tenue et elle ne se tiendra jamais. D\u00e9n\u00e9gation et moqueries ! <\/p>\n<p>En C\u00f4te d&rsquo;Ivoire, une visite du secr\u00e9taire d&rsquo;Etat Blinken en janvier dernier aura suffi. Aucun d\u00e9bat dans les deux chambres du parlement sur une \u00e9ventuelle emprise militaire am\u00e9ricaine du domaine public. Des constitutionnalistes \u00ab\u00a0\u00e9clair\u00e9s\u00a0\u00bb \u00e9voqueront \u00ab\u00a0un domaine r\u00e9serv\u00e9\u00a0\u00bb du chef supr\u00eame des arm\u00e9es, dans un r\u00e9gime tr\u00e8s pr\u00e9sidentialiste. Cons\u00e9quence, des drones de combat \u00e0 Odienn\u00e9 ( ville du nord-ouest o\u00f9 j&rsquo;ai pass\u00e9 dix ann\u00e9es de ma vie) vont surveiller all\u00e8grement les fronti\u00e8res Mali &#8211; Guin\u00e9e. <\/p>\n<p>Entre CEDEAO et AES, l&rsquo;\u00e9preuve de la vassalit\u00e9 est entam\u00e9e. Au profit de qui ? Parier sur la direction du vent de l&rsquo;Histoire n&rsquo;est pas r\u00e9serv\u00e9 \u00e0 une classe d&rsquo;illumin\u00e9s ou de barbouzes.<\/p>\n","protected":false},"excerpt":{"rendered":"<p>Il se passe des choses curieuses dans le Golfe de Guin\u00e9e et au Sahel. Ceux qui en savent un peu trop pr\u00e9f\u00e8rent se taire ou rire \u00e0 s&rsquo;\u00e9touffer. Des affaires tr\u00e8s sensibles, jusque-l\u00e0 r\u00e9serv\u00e9es aux renseignements militaires et \u00e0 la diplomatie, sur la place publique. Un changement de m\u00e9thode dans la parole publique propre \u00e0 [&hellip;]<\/p>\n","protected":false},"author":2,"featured_media":4720,"comment_status":"closed","ping_status":"closed","sticky":false,"template":"","format":"standard","meta":{"footnotes":""},"categories":[12],"tags":[],"class_list":["post-4719","post","type-post","status-publish","format-standard","has-post-thumbnail","hentry","category-securite"],"_links":{"self":[{"href":"https:\/\/goulyzia.net\/index.php\/wp-json\/wp\/v2\/posts\/4719","targetHints":{"allow":["GET"]}}],"collection":[{"href":"https:\/\/goulyzia.net\/index.php\/wp-json\/wp\/v2\/posts"}],"about":[{"href":"https:\/\/goulyzia.net\/index.php\/wp-json\/wp\/v2\/types\/post"}],"author":[{"embeddable":true,"href":"https:\/\/goulyzia.net\/index.php\/wp-json\/wp\/v2\/users\/2"}],"replies":[{"embeddable":true,"href":"https:\/\/goulyzia.net\/index.php\/wp-json\/wp\/v2\/comments?post=4719"}],"version-history":[{"count":1,"href":"https:\/\/goulyzia.net\/index.php\/wp-json\/wp\/v2\/posts\/4719\/revisions"}],"predecessor-version":[{"id":4721,"href":"https:\/\/goulyzia.net\/index.php\/wp-json\/wp\/v2\/posts\/4719\/revisions\/4721"}],"wp:featuredmedia":[{"embeddable":true,"href":"https:\/\/goulyzia.net\/index.php\/wp-json\/wp\/v2\/media\/4720"}],"wp:attachment":[{"href":"https:\/\/goulyzia.net\/index.php\/wp-json\/wp\/v2\/media?parent=4719"}],"wp:term":[{"taxonomy":"category","embeddable":true,"href":"https:\/\/goulyzia.net\/index.php\/wp-json\/wp\/v2\/categories?post=4719"},{"taxonomy":"post_tag","embeddable":true,"href":"https:\/\/goulyzia.net\/index.php\/wp-json\/wp\/v2\/tags?post=4719"}],"curies":[{"name":"wp","href":"https:\/\/api.w.org\/{rel}","templated":true}]}}