{"id":4722,"date":"2024-07-18T11:09:13","date_gmt":"2024-07-18T09:09:13","guid":{"rendered":"https:\/\/goulyzia.net\/?p=4722"},"modified":"2024-07-18T11:09:13","modified_gmt":"2024-07-18T09:09:13","slug":"18-juillet-a-contre-courant-du-mandela-day","status":"publish","type":"post","link":"https:\/\/goulyzia.net\/index.php\/2024\/07\/18\/18-juillet-a-contre-courant-du-mandela-day\/","title":{"rendered":"18 juillet, \u00e0 contre-courant du Mandela Day"},"content":{"rendered":"<p>\u00ab\u00a0J&rsquo;ai eu en prison l&rsquo;occasion de prendre de la distance et de me regarder, ainsi que mon organisation, avec un certain d\u00e9tachement, et de r\u00e9fl\u00e9chir tr\u00e8s calmement \u00e0 mes erreurs pass\u00e9es et \u00e0 mes faiblesses qui se sont r\u00e9v\u00e9l\u00e9es dans le cadre de mon travail politique\u2026J&rsquo;en suis ressorti plus m\u00fbr.\u00a0\u00bb, Nelson Mandela, Conversation avec Richard Stengel, mars 1993. <\/p>\n<p>Une c\u00e9l\u00e9bration m\u00e9rit\u00e9e du h\u00e9ros de la nation arc-en-ciel, ic\u00f4ne du pardon et de la r\u00e9conciliation. Une c\u00e9l\u00e9bration qui n&#8217;emp\u00eache pas de questionner l&rsquo;Histoire.<\/p>\n<p>De terroriste international \u00e0 h\u00e9ros universaliste, qu&rsquo;est-ce que Mandela a pu l\u00e2cher comme lest ? Pourquoi Mandela et pas Robert Mugabe ? On vous r\u00e9pondra que la s\u00e9nilit\u00e9 du h\u00e9ros zimbabw\u00e9en et sa griserie du pouvoir ont \u00e9rod\u00e9 sa propre estime, sans \u00e9voquer la r\u00e9forme agraire &#8211; s\u00fbrement mal pr\u00e9par\u00e9e et chaotique &#8211; qui a d\u00e9poss\u00e9d\u00e9 de nombreux colons. Qui est-ce qu&rsquo;on c\u00e9l\u00e8bre et qui est-ce qu&rsquo;on descend ? La m\u00eame main qui vous \u00e9l\u00e8ve aujourd&rsquo;hui vous d\u00e9poss\u00e8de de tout, \u00e0 la moindre contrari\u00e9t\u00e9, quand vous n&rsquo;allez plus dans le sens dict\u00e9. Vous pouvez condamner Aung San Suu Kyi sur la base de ce que les m\u00e9dias qui nourrissent votre imaginaire ont rapport\u00e9 de sa position sur la crise des Rohingyas en Birmanie. Vous pouvez \u00e9riger dans votre esprit l&rsquo;axe du mal et l&rsquo;axe du bien. L&rsquo;id\u00e9ologie qui nourrit votre position sert \u00e0 justifier ses actes. Elle ne recherche pas la v\u00e9rit\u00e9. Ce n&rsquo;est pas son but. <\/p>\n<p>En 2010, \u00e0 dix mois du traquenard \u00e9lectoral qui allait le d\u00e9loger de la pr\u00e9sidence ivoirienne, voici ce que Laurent Gbagbo, historien de formation, avait r\u00e9pondu \u00e0 un papier glac\u00e9 parisien:<\/p>\n<p>\u00ab\u00a0De 1944 \u00e0 1951, Houphou\u00ebt \u00e9tait consid\u00e9r\u00e9 comme un ennemi de la France, un communiste, un bouffeur de Blancs. Il est mort en ic\u00f4ne de l\u2019amiti\u00e9 franco-africaine&#8230;J\u2019ai lu avec attention l\u2019autobiographie de Mandela et je trouve qu\u2019il n\u2019est pas transparent sur la nature des discussions qu\u2019il a eues avec Pieter Botha avant sa sortie de prison. Qu\u2019a-t-il n\u00e9goci\u00e9 au juste\u2009? Quelles concessions a-t-il faites\u2009? Quand j\u2019entends dire\u2009: \u00ab Si l\u2019humanit\u00e9 devait se choisir un p\u00e8re, il s\u2019appellerait Mandela \u00bb, je ne marche pas. Nelson Mandela est un homme politique. Ce n\u2019est pas un mythe.\u00a0\u00bb<\/p>\n<p>\u00c0 chacun son opinion, dans le respect des morts !<\/p>\n","protected":false},"excerpt":{"rendered":"<p>\u00ab\u00a0J&rsquo;ai eu en prison l&rsquo;occasion de prendre de la distance et de me regarder, ainsi que mon organisation, avec un certain d\u00e9tachement, et de r\u00e9fl\u00e9chir tr\u00e8s calmement \u00e0 mes erreurs pass\u00e9es et \u00e0 mes faiblesses qui se sont r\u00e9v\u00e9l\u00e9es dans le cadre de mon travail politique\u2026J&rsquo;en suis ressorti plus m\u00fbr.\u00a0\u00bb, Nelson Mandela, Conversation avec Richard [&hellip;]<\/p>\n","protected":false},"author":2,"featured_media":4723,"comment_status":"closed","ping_status":"closed","sticky":false,"template":"","format":"standard","meta":{"footnotes":""},"categories":[7,11],"tags":[],"class_list":["post-4722","post","type-post","status-publish","format-standard","has-post-thumbnail","hentry","category-histoire","category-politique"],"_links":{"self":[{"href":"https:\/\/goulyzia.net\/index.php\/wp-json\/wp\/v2\/posts\/4722","targetHints":{"allow":["GET"]}}],"collection":[{"href":"https:\/\/goulyzia.net\/index.php\/wp-json\/wp\/v2\/posts"}],"about":[{"href":"https:\/\/goulyzia.net\/index.php\/wp-json\/wp\/v2\/types\/post"}],"author":[{"embeddable":true,"href":"https:\/\/goulyzia.net\/index.php\/wp-json\/wp\/v2\/users\/2"}],"replies":[{"embeddable":true,"href":"https:\/\/goulyzia.net\/index.php\/wp-json\/wp\/v2\/comments?post=4722"}],"version-history":[{"count":1,"href":"https:\/\/goulyzia.net\/index.php\/wp-json\/wp\/v2\/posts\/4722\/revisions"}],"predecessor-version":[{"id":4724,"href":"https:\/\/goulyzia.net\/index.php\/wp-json\/wp\/v2\/posts\/4722\/revisions\/4724"}],"wp:featuredmedia":[{"embeddable":true,"href":"https:\/\/goulyzia.net\/index.php\/wp-json\/wp\/v2\/media\/4723"}],"wp:attachment":[{"href":"https:\/\/goulyzia.net\/index.php\/wp-json\/wp\/v2\/media?parent=4722"}],"wp:term":[{"taxonomy":"category","embeddable":true,"href":"https:\/\/goulyzia.net\/index.php\/wp-json\/wp\/v2\/categories?post=4722"},{"taxonomy":"post_tag","embeddable":true,"href":"https:\/\/goulyzia.net\/index.php\/wp-json\/wp\/v2\/tags?post=4722"}],"curies":[{"name":"wp","href":"https:\/\/api.w.org\/{rel}","templated":true}]}}