{"id":4739,"date":"2024-08-04T20:27:10","date_gmt":"2024-08-04T18:27:10","guid":{"rendered":"https:\/\/goulyzia.net\/?p=4739"},"modified":"2024-08-04T20:27:11","modified_gmt":"2024-08-04T18:27:11","slug":"un-porte-parole-de-gouvernement-ne-devrait-pas-dire-ca","status":"publish","type":"post","link":"https:\/\/goulyzia.net\/index.php\/2024\/08\/04\/un-porte-parole-de-gouvernement-ne-devrait-pas-dire-ca\/","title":{"rendered":"Un porte-parole de gouvernement ne devrait pas dire \u00e7a !"},"content":{"rendered":"<p>J&rsquo;ai longtemps h\u00e9sit\u00e9 \u00e0 \u00e9crire ce post pour ne pas qu&rsquo;il soit per\u00e7u comme une attaque personnelle. C&rsquo;est un euph\u00e9misme \u00e9l\u00e9gant de le dire. Les sorties de l&rsquo;actuel porte-parole du gouvernement ivoirien me cr\u00e8vent le coeur. R\u00e9plique g\u00eanante au clerg\u00e9, \u00e0 Gbagbo, \u00e0 B\u00e9di\u00e9, aux Atchans&#8230;<\/p>\n<p>Depuis 2011, plusieurs personnalit\u00e9s ont occup\u00e9 cette fonction d\u00e9licate. J&rsquo;ai appr\u00e9ci\u00e9 la temp\u00e9rance et l&rsquo;\u00e9l\u00e9gance  de Bruno Kon\u00e9 \u00e0 cette fonction. Jug\u00e9 peut-\u00eatre un peu trop mou, lui-m\u00eame ne fait pas l&rsquo;unanimit\u00e9 au sein du parti. \u00c0 chaque p\u00e9riode, ses hommes et ses femmes. J&rsquo;ai eu de l\u00a0\u00bbadmiration pour le bagout de ma consoeur juriste Affoussy Bamba quand elle occupait cette fonction jusqu&rsquo;\u00e0 cette formule gorg\u00e9e de suffisance  lors d&rsquo;un compte-rendu de Conseil des ministres: \u00a0\u00bb Compaor\u00e9 est ivoirien. Un point un trait\u00a0\u00bb. <\/p>\n<p>Mamadou Tour\u00e9 et Anne Ouloto sont encore dans le manteau d&rsquo;attaquants de pointe du RDR. Le syst\u00e8me partisan se nourrit de ce genre de profils qui ont le sens de la r\u00e9partie et de la formule . J&rsquo;ai critiqu\u00e9 personnellement la communication institutionnelle destructur\u00e9e,  r\u00e9active et sans anticipation sous Laurent Gbagbo. Mais le contexte \u00e9tait bien diff\u00e9rent. La C\u00f4te d&rsquo;Ivoire \u00e9tait en guerre. La communication gouvernementale sous Ouattara reste structur\u00e9e autour du travail remarquable du Centre d&rsquo;information et de communication gouvernementale doubl\u00e9 de l&rsquo;extraversion  de ses tentacules parisiens et des officines de lobbies europ\u00e9en et am\u00e9ricain. Un \u00e9chafaudage de communication dont le porte-parolat reste le maillon faible. <\/p>\n<p>Et les Ivoiriens dans tout \u00e7a ? Ils observent. Ils n&rsquo;ont plus envie de se politiser dans le sens noble du terme. C&rsquo;est-\u00e0-dire s&rsquo;engager de fa\u00e7on citoyenne \u00e0 avoir un regard critique et constructif sur ceux qui g\u00e8rent la Cit\u00e9. Trop de vies bris\u00e9es, trop de carri\u00e8res bris\u00e9es dans cette ar\u00e8ne d&rsquo;egos. En attendant, ils sont nombreux \u00e0 suivre  avec une r\u00e9signation \u00e9veill\u00e9e et de l&rsquo;auto-d\u00e9rision le Tchapalo Tango des arrogants d&rsquo;aujourd&rsquo;hui.<\/p>\n","protected":false},"excerpt":{"rendered":"<p>J&rsquo;ai longtemps h\u00e9sit\u00e9 \u00e0 \u00e9crire ce post pour ne pas qu&rsquo;il soit per\u00e7u comme une attaque personnelle. C&rsquo;est un euph\u00e9misme \u00e9l\u00e9gant de le dire. Les sorties de l&rsquo;actuel porte-parole du gouvernement ivoirien me cr\u00e8vent le coeur. R\u00e9plique g\u00eanante au clerg\u00e9, \u00e0 Gbagbo, \u00e0 B\u00e9di\u00e9, aux Atchans&#8230; Depuis 2011, plusieurs personnalit\u00e9s ont occup\u00e9 cette fonction d\u00e9licate. [&hellip;]<\/p>\n","protected":false},"author":2,"featured_media":4740,"comment_status":"closed","ping_status":"closed","sticky":false,"template":"","format":"standard","meta":{"footnotes":""},"categories":[11],"tags":[],"class_list":["post-4739","post","type-post","status-publish","format-standard","has-post-thumbnail","hentry","category-politique"],"_links":{"self":[{"href":"https:\/\/goulyzia.net\/index.php\/wp-json\/wp\/v2\/posts\/4739","targetHints":{"allow":["GET"]}}],"collection":[{"href":"https:\/\/goulyzia.net\/index.php\/wp-json\/wp\/v2\/posts"}],"about":[{"href":"https:\/\/goulyzia.net\/index.php\/wp-json\/wp\/v2\/types\/post"}],"author":[{"embeddable":true,"href":"https:\/\/goulyzia.net\/index.php\/wp-json\/wp\/v2\/users\/2"}],"replies":[{"embeddable":true,"href":"https:\/\/goulyzia.net\/index.php\/wp-json\/wp\/v2\/comments?post=4739"}],"version-history":[{"count":1,"href":"https:\/\/goulyzia.net\/index.php\/wp-json\/wp\/v2\/posts\/4739\/revisions"}],"predecessor-version":[{"id":4741,"href":"https:\/\/goulyzia.net\/index.php\/wp-json\/wp\/v2\/posts\/4739\/revisions\/4741"}],"wp:featuredmedia":[{"embeddable":true,"href":"https:\/\/goulyzia.net\/index.php\/wp-json\/wp\/v2\/media\/4740"}],"wp:attachment":[{"href":"https:\/\/goulyzia.net\/index.php\/wp-json\/wp\/v2\/media?parent=4739"}],"wp:term":[{"taxonomy":"category","embeddable":true,"href":"https:\/\/goulyzia.net\/index.php\/wp-json\/wp\/v2\/categories?post=4739"},{"taxonomy":"post_tag","embeddable":true,"href":"https:\/\/goulyzia.net\/index.php\/wp-json\/wp\/v2\/tags?post=4739"}],"curies":[{"name":"wp","href":"https:\/\/api.w.org\/{rel}","templated":true}]}}