{"id":4806,"date":"2024-12-07T14:17:56","date_gmt":"2024-12-07T13:17:56","guid":{"rendered":"https:\/\/goulyzia.net\/?p=4806"},"modified":"2024-12-09T14:32:52","modified_gmt":"2024-12-09T13:32:52","slug":"un-excellent-journaliste-nest-pas-forcement-un-bon-manager","status":"publish","type":"post","link":"https:\/\/goulyzia.net\/index.php\/2024\/12\/07\/un-excellent-journaliste-nest-pas-forcement-un-bon-manager\/","title":{"rendered":"Un excellent journaliste n&rsquo;est pas forc\u00e9ment un bon manager !"},"content":{"rendered":"<p>Je ne sais pas s&rsquo;il est \u00ab\u00a0sage\u00a0\u00bb d&rsquo;\u00e9crire sur Frat-Mat, quelques semaines avant la parution de mon 3\u00e8 roman qui revient sur les angles morts de l&rsquo;Op\u00e9ration des Nations unies en C\u00f4te d&rsquo;Ivoire, 20 ans apr\u00e8s sa cr\u00e9ation. <\/p>\n<p>La rancune est tenace dans le milieu, et on ne touche pas aux ic\u00f4nes. Il peut \u00eatre jug\u00e9 anti-confraternel et d&rsquo;une outrecuidance mal plac\u00e9e, mais c&rsquo;est mon ressenti tout simplement et je l&rsquo;assume ! Comme d&rsquo;habitude.<\/p>\n<p>Dans mon pays, d&rsquo;Houphou\u00ebt \u00e0 Ouattara en passant par B\u00e9di\u00e9, Gu\u00e9\u00ef et Gbagbo, je n&rsquo;ai jamais compris l&rsquo;id\u00e9e selon laquelle un brillant journaliste pouvait \u00eatre un brillant manager. Ce parall\u00e9lisme fonctionnel me para\u00eet inop\u00e9rant surtout quand il s&rsquo;agit de m\u00e9dias de services publics ayant une forte charge symbolique comme Fraternit\u00e9 Matin. Le pr\u00e9sident Ouattara a quelque peu rompu avec cette pratique en nommant d\u00e8s son arriv\u00e9e au pouvoir Ahmadou Bakayoko, bon manager qui n&rsquo;avait pourtant aucune l\u00e9gitimit\u00e9 \u00e0 diriger le monde difficile et capricieux des m\u00e9dias. <\/p>\n<p>Cette ann\u00e9e, Frat-Mat c\u00e9l\u00e8bre ses 60 ans d&rsquo;existence. Le nouveau directeur g\u00e9n\u00e9ral a r\u00e9uni tous les anciens directeurs pour d\u00e9fricher les grands chantiers du renouveau avec notamment une digitalisation fort appr\u00e9ciable qui donne ses premiers fruits. Ce qui a plomb\u00e9 Frat-Mat, ce n&rsquo;est pas la qualit\u00e9 des plumes ( m\u00eame quand elles d\u00e9cident de faire du mercenariait partisan au sein du service public). Ce sont les choix \u00e9ditoriaux insipides des diff\u00e9rents directeurs g\u00e9n\u00e9raux. <\/p>\n<p>Depuis 2011, Frat-Mat s&rsquo;est enlis\u00e9 sous Venance Konan. Autant j&rsquo;ai une grande admiration pour l&rsquo;\u00e9crivain ( juriste de formation et docteur en Droit comme moi) dont j&rsquo;ai encore en m\u00e9moire les lignes du roman \u00ab\u00a0Prisonnier de la haine\u00a0\u00bb, autant j&rsquo;ai \u00e9prouv\u00e9 ces derni\u00e8res ann\u00e9es de la d\u00e9ception \u00e0 lire la vacuit\u00e9 de ses \u00e9ditoriaux indigents d&rsquo;arguments. En conflit ouvert avec son ancien adjoint, il a \u00e9t\u00e9 affect\u00e9 \u00e0 des fr\u00e9quences plus paisibles. Venance Konan, excellent journaliste, homme de terrain qui partait l\u00e0 o\u00f9 ses coll\u00e8gues amoureux du costume-cravate refusaient de se \u00a0\u00bb sacrifier\u00a0\u00bb. Cette version de Venance Konan a fait l&rsquo;unanimit\u00e9. Pas la version partisane et aveugle qu&rsquo;on lui conna\u00eet aujourd&rsquo;hui.<\/p>\n<p>Je comprends mieux les critiques acerbes et l&rsquo;opposition frontale de \u00ab\u00a0l&rsquo;\u00e9ternel incompris\u00a0\u00bb du syst\u00e8me Honorat de Y\u00e9dagne que j&rsquo;avais interview\u00e9 \u00e0 Abidjan en octobre 2013. On doit \u00e0 de Y\u00e9dagne la formule iconoclaste \u00a0\u00bb ni neutre, ni partisan\u00a0\u00bb qui a fait le succ\u00e8s du m\u00e9dia de service public sous Gbagbo. Honorat de Y\u00e9dagne a \u00e9t\u00e9 injustement d\u00e9barqu\u00e9 de son poste quand il a fallu op\u00e9rer des arbitrages avec les exigences de la r\u00e9conciliation nationale. K\u00e9b\u00e9 Yacouba et Jean-Baptiste Akrou ont fait ce qu&rsquo;ils pouvaient. L&rsquo;\u00e2me de Frat-Mat n&rsquo;y \u00e9tait plus. <\/p>\n<p>Les belles lettres et la gestion des Hommes sont deux choses bien diff\u00e9rentes.<\/p>\n","protected":false},"excerpt":{"rendered":"<p>Je ne sais pas s&rsquo;il est \u00ab\u00a0sage\u00a0\u00bb d&rsquo;\u00e9crire sur Frat-Mat, quelques semaines avant la parution de mon 3\u00e8 roman qui revient sur les angles morts de l&rsquo;Op\u00e9ration des Nations unies en C\u00f4te d&rsquo;Ivoire, 20 ans apr\u00e8s sa cr\u00e9ation. La rancune est tenace dans le milieu, et on ne touche pas aux ic\u00f4nes. Il peut \u00eatre [&hellip;]<\/p>\n","protected":false},"author":2,"featured_media":4807,"comment_status":"closed","ping_status":"closed","sticky":false,"template":"","format":"standard","meta":{"footnotes":""},"categories":[124],"tags":[],"class_list":["post-4806","post","type-post","status-publish","format-standard","has-post-thumbnail","hentry","category-medias-2"],"_links":{"self":[{"href":"https:\/\/goulyzia.net\/index.php\/wp-json\/wp\/v2\/posts\/4806","targetHints":{"allow":["GET"]}}],"collection":[{"href":"https:\/\/goulyzia.net\/index.php\/wp-json\/wp\/v2\/posts"}],"about":[{"href":"https:\/\/goulyzia.net\/index.php\/wp-json\/wp\/v2\/types\/post"}],"author":[{"embeddable":true,"href":"https:\/\/goulyzia.net\/index.php\/wp-json\/wp\/v2\/users\/2"}],"replies":[{"embeddable":true,"href":"https:\/\/goulyzia.net\/index.php\/wp-json\/wp\/v2\/comments?post=4806"}],"version-history":[{"count":1,"href":"https:\/\/goulyzia.net\/index.php\/wp-json\/wp\/v2\/posts\/4806\/revisions"}],"predecessor-version":[{"id":4808,"href":"https:\/\/goulyzia.net\/index.php\/wp-json\/wp\/v2\/posts\/4806\/revisions\/4808"}],"wp:featuredmedia":[{"embeddable":true,"href":"https:\/\/goulyzia.net\/index.php\/wp-json\/wp\/v2\/media\/4807"}],"wp:attachment":[{"href":"https:\/\/goulyzia.net\/index.php\/wp-json\/wp\/v2\/media?parent=4806"}],"wp:term":[{"taxonomy":"category","embeddable":true,"href":"https:\/\/goulyzia.net\/index.php\/wp-json\/wp\/v2\/categories?post=4806"},{"taxonomy":"post_tag","embeddable":true,"href":"https:\/\/goulyzia.net\/index.php\/wp-json\/wp\/v2\/tags?post=4806"}],"curies":[{"name":"wp","href":"https:\/\/api.w.org\/{rel}","templated":true}]}}