{"id":4817,"date":"2024-12-19T18:42:58","date_gmt":"2024-12-19T17:42:58","guid":{"rendered":"https:\/\/goulyzia.net\/?p=4817"},"modified":"2024-12-19T18:47:08","modified_gmt":"2024-12-19T17:47:08","slug":"la-ou-laventure-a-commence","status":"publish","type":"post","link":"https:\/\/goulyzia.net\/index.php\/2024\/12\/19\/la-ou-laventure-a-commence\/","title":{"rendered":"L\u00e0 o\u00f9 l&rsquo;Aventure a commenc\u00e9"},"content":{"rendered":"<p>Premi\u00e8re signature symbolique de Malo-Woussou en compagnie d&rsquo;un jeune \u00e9tudiant ivoirien qui fait partie de mon histoire dans la ville natale de Victor Hugo. Besan\u00e7on ville natale Hugo, c&rsquo;est mon bla-bla habituel pour faire l&rsquo;int\u00e9ressant alors que je sais que l&rsquo;\u00e9crivain canonis\u00e9 avait une th\u00e8se pr\u00e9tendument humaniste sur la mission \u00ab\u00a0civilisatrice\u00a0\u00bb de la colonisation ( th\u00e8se \u00e0 vomir ).<\/p>\n<p>Malo-Woussou a son histoire. Comme chaque Acte de la S\u00e9rie romanesque que je propose en sept tableaux. Il y a quelques ann\u00e9es, j&rsquo;\u00e9tais dans un centre d&rsquo;h\u00e9bergement d&rsquo;urgence \u00e0 Besan\u00e7on. J&rsquo;y ai pass\u00e9 quatre mois. Mon bin\u00f4me de chambre \u00e9tait un jeune r\u00e9fugi\u00e9 tchadien. Un ami libyen m&rsquo;avait h\u00e9berg\u00e9 avant mon accueil au centre d&rsquo;h\u00e9bergement. Une amiti\u00e9 est n\u00e9e dans ces moments de fragilit\u00e9 existentielle. J&rsquo;ai d\u00e9cid\u00e9 d&rsquo;\u00e9crire un roman qui r\u00e9unirait nos trois pays ; une fiction sur 40 ans qui raconterait nos gens, au pays de Gbagbo et Ouattara, au pays de Habr\u00e9 et des Deby p\u00e8re et fils, et au pays de Kadhafi. Il y a dix ans, sur invitation de l&rsquo;ancien Premier ministre tchadien, Emmanuel Nadingar, j&rsquo;avais pass\u00e9 une petite semaine au Tchad \u00e0 la faveur de la f\u00eate de la Libert\u00e9 sous Deby. Une semaine au pays de Touma\u00ef, trop petit pour pr\u00e9tendre cerner la quintessence sociologique du Tchad. Les orientations de mon bin\u00f4me tchadien m&rsquo;ont \u00e9t\u00e9 d&rsquo;un grand secours. Je n&rsquo;ai jamais mis pied \u00e0 Sebha ( la ville libyenne o\u00f9 se d\u00e9roule une partie du roman). Mon ami libyen natif de Sebha m&rsquo;a aid\u00e9 \u00e0 construire ma fiction. <\/p>\n<p>Mon \u00e9diteur est nig\u00e9rien. Ma plume est ivoirienne, mes inspirations sont tchadienne et libyenne. On a ainsi cr\u00e9e un \u00ab\u00a0G4 Sahel\u00a0\u00bb litt\u00e9raire pour raconter les gens de chez nous. Il n&rsquo;y pas plus universelle que la d\u00e9marche. L&rsquo;universel canonis\u00e9\u00a0\u00bb \u00e0 la gauloise prendra le train en marche. Quand on a fini de revendiquer sa filiation \u00e0 Dadi\u00e9, Adiaffi et Kourouma, le plus dur, c&rsquo;est de trouver son chemin et d&rsquo;affiner son style. Avec la pleine conscience que le style en Litt\u00e9rature n&rsquo;est qu&rsquo;un pillage ordonn\u00e9 de l&rsquo;existant. M\u00eame pour les \u00e9crivains qui pensent, avec une pointe de vanit\u00e9, \u00eatre sortis de la cuisse de Jupiter. Malo-Woussou me semble plus audacieux que mes deux pr\u00e9c\u00e9dents romans. Dans sa composition et sa narration. Je peux me casser la figure. Mais il n&rsquo;y a rien de plus stimulant que d&rsquo;apprendre de ses imperfections pour manifester pleinement le potentiel divin. Aucun chroniqueur litt\u00e9raire, aucun critique, aucun universitaire chevronn\u00e9 en herm\u00e9neutique litt\u00e9raire, aucun jury d&rsquo;un prix prestigieux ne peut comprendre ce qui sort des tripes d&rsquo;une plume, pourquoi et comment \u00e7a sort. Seul une lecture avec un c\u0153ur d&rsquo;enfant peut cerner entre les lignes cette histoire de filiations non assum\u00e9es au fil des 488 pages.<\/p>\n<p>L&rsquo;Acte III est servi pour qu&rsquo;il serve \u00e0 la post\u00e9rit\u00e9. Je vous donne rendez-vous bient\u00f4t au Bardot 18 avec un bon plat fumant du riz \u00e9tuv\u00e9 le plus populaire de Farafinaso secou\u00e9 \u00e0 la pulpe et au tango du Tchapalo.<br \/>\nKodobawa !<\/p>\n","protected":false},"excerpt":{"rendered":"<p>Premi\u00e8re signature symbolique de Malo-Woussou en compagnie d&rsquo;un jeune \u00e9tudiant ivoirien qui fait partie de mon histoire dans la ville natale de Victor Hugo. Besan\u00e7on ville natale Hugo, c&rsquo;est mon bla-bla habituel pour faire l&rsquo;int\u00e9ressant alors que je sais que l&rsquo;\u00e9crivain canonis\u00e9 avait une th\u00e8se pr\u00e9tendument humaniste sur la mission \u00ab\u00a0civilisatrice\u00a0\u00bb de la colonisation ( [&hellip;]<\/p>\n","protected":false},"author":2,"featured_media":4820,"comment_status":"closed","ping_status":"closed","sticky":false,"template":"","format":"standard","meta":{"footnotes":""},"categories":[3],"tags":[],"class_list":["post-4817","post","type-post","status-publish","format-standard","has-post-thumbnail","hentry","category-culture"],"_links":{"self":[{"href":"https:\/\/goulyzia.net\/index.php\/wp-json\/wp\/v2\/posts\/4817","targetHints":{"allow":["GET"]}}],"collection":[{"href":"https:\/\/goulyzia.net\/index.php\/wp-json\/wp\/v2\/posts"}],"about":[{"href":"https:\/\/goulyzia.net\/index.php\/wp-json\/wp\/v2\/types\/post"}],"author":[{"embeddable":true,"href":"https:\/\/goulyzia.net\/index.php\/wp-json\/wp\/v2\/users\/2"}],"replies":[{"embeddable":true,"href":"https:\/\/goulyzia.net\/index.php\/wp-json\/wp\/v2\/comments?post=4817"}],"version-history":[{"count":1,"href":"https:\/\/goulyzia.net\/index.php\/wp-json\/wp\/v2\/posts\/4817\/revisions"}],"predecessor-version":[{"id":4818,"href":"https:\/\/goulyzia.net\/index.php\/wp-json\/wp\/v2\/posts\/4817\/revisions\/4818"}],"wp:featuredmedia":[{"embeddable":true,"href":"https:\/\/goulyzia.net\/index.php\/wp-json\/wp\/v2\/media\/4820"}],"wp:attachment":[{"href":"https:\/\/goulyzia.net\/index.php\/wp-json\/wp\/v2\/media?parent=4817"}],"wp:term":[{"taxonomy":"category","embeddable":true,"href":"https:\/\/goulyzia.net\/index.php\/wp-json\/wp\/v2\/categories?post=4817"},{"taxonomy":"post_tag","embeddable":true,"href":"https:\/\/goulyzia.net\/index.php\/wp-json\/wp\/v2\/tags?post=4817"}],"curies":[{"name":"wp","href":"https:\/\/api.w.org\/{rel}","templated":true}]}}