{"id":4821,"date":"2024-12-21T08:51:11","date_gmt":"2024-12-21T07:51:11","guid":{"rendered":"https:\/\/goulyzia.net\/?p=4821"},"modified":"2024-12-21T11:18:41","modified_gmt":"2024-12-21T10:18:41","slug":"il-ny-a-pas-de-generation-spontanee-2","status":"publish","type":"post","link":"https:\/\/goulyzia.net\/index.php\/2024\/12\/21\/il-ny-a-pas-de-generation-spontanee-2\/","title":{"rendered":"Il n&rsquo;y a pas de g\u00e9n\u00e9ration spontan\u00e9e (2)"},"content":{"rendered":"<p>19 ans s\u00e9parent l&rsquo;image en couleur de celles en noir et blanc. Ma directrice de th\u00e8se m&rsquo;habillant apr\u00e8s mon admission au grade de docteur en droit international, et l&rsquo;\u00e9quipe ivoirienne vainqueur du concours de plaidoirie en droit humanitaire en 2005 \u00e0 Dakar. <\/p>\n<p>Cela fait deux petits mois, jour pour jour, que j&rsquo;ai soutenu ma th\u00e8se. ( Orr c&rsquo;est quel bon doctorat m\u00eame et puis on ne peut pas respirer m\u00eame ! ). Si vous faites partie de ces personnes qui pensent cela dans un coin de leur t\u00eate, je vous sers volontiers un rictus de primate yacouba goinfr\u00e9 \u00e0 la noix dans la for\u00eat de Manpleu. <\/p>\n<p>Ce parchemin, je l&rsquo;appr\u00e9hende comme un devoir de m\u00e9moire en tant que pur produit du syst\u00e8me \u00e9ducatif ivoirien. Il ne fait pas de moi un \u00e9rudit illumin\u00e9. Ce ne sont pas les dipl\u00f4m\u00e9s qui font bouger le monde, mais les plus audacieux.<\/p>\n<p>En 2018, quand je d\u00e9cidais de reprendre mes \u00e9tudes, j&rsquo;\u00e9tais en attente de mon premier titre de s\u00e9jour fran\u00e7ais. J&rsquo;avais essuy\u00e9 trois refus polis de professeurs d&rsquo;universit\u00e9s fran\u00e7aises ( Besan\u00e7on, Dijon, Lyon). Les universit\u00e9s fran\u00e7aises ne font pas d&rsquo;entrave en g\u00e9n\u00e9ral en cas de d\u00e9faut de titre de s\u00e9jour de l&rsquo;apprenant. La preuve, j&rsquo;ai pu encha\u00eener deux dipl\u00f4mes d&rsquo;universit\u00e9 en Relations internationales \u00e0 l&rsquo;UFR de droit et en Action humanitaire \u00e0 l&rsquo;UFR de M\u00e9decine de l&rsquo;Universit\u00e9 de Bourgogne. Mais pour l&rsquo;admission aux \u00e9coles doctorales, c&rsquo;est plus d\u00e9licat. J&rsquo;avais 38 ans, sans financement, sans revenus concrets. Rien d&rsquo;all\u00e9chant devant un brillant \u00e9tudiant en Master 2 de 22 ou 23 ans aspirant \u00e0 une th\u00e8se de 3\u00e8 cycle.<\/p>\n<p>J&rsquo;ai alors sollicit\u00e9 le professeur Th\u00e9oua pour la direction de ma th\u00e8se. Elle a accept\u00e9 spontan\u00e9ment de conduire mes recherches. Le professeur Th\u00e9oua P\u00e9lagie et moi avons fr\u00e9quent\u00e9 le Lyc\u00e9e moderne Inagohi de San Pedro de la premi\u00e8re \u00e0 la terminale litt\u00e9raire. Ensuite de la premi\u00e8re ann\u00e9e de droit en 1999 au DEA en 2005. Lors du concours r\u00e9gional de DIH \u00e0 Dakar, Th\u00e9oua P\u00e9lagie \u00e9tait la plus jeune de l&rsquo;\u00e9quipe ivoirienne. Le jury pr\u00e9sid\u00e9 par Me Sidiki Kaba ( pr\u00e9sident d&rsquo;honneur de la FIDH devenu sous Macky Sall ministre de la Justice, de l&rsquo;Int\u00e9rieur, des Affaires \u00e9trang\u00e8res puis Premier ministre) lui avait d\u00e9cern\u00e9 la mention sp\u00e9ciale de la meilleure plaidoirie. Elle \u00e9tait faite pour la chose acad\u00e9mique. L&rsquo;avenir a donn\u00e9 raison au jury. Professeur titulaire de droit public, elle a \u00e9t\u00e9 vice-pr\u00e9sidente de l&rsquo;Universit\u00e9 Alassane Ouattara de Bouak\u00e9 charg\u00e9e de la coop\u00e9ration internationale et dirige le laboratoire de finances publiques de l&rsquo;Universit\u00e9 de Bouak\u00e9.<\/p>\n<p>Parce que dans mon pays la m\u00e9diocrit\u00e9 est devenu bavarde, gloutonne et n&rsquo;a pas le triomphe modeste, il importe d&rsquo;avoir une juste opinion de soi, sans tomber dans les exc\u00e8s d&rsquo;un personal branding r\u00e9barbatif. <\/p>\n<p>Il n&rsquo; y a pas de g\u00e9n\u00e9ration spontan\u00e9e. Chacun, dans son couloir de comp\u00e9tence, doit \u00eatre capable d&rsquo;apporter une plus-value \u00e0 la marche de sa patrie.<\/p>\n","protected":false},"excerpt":{"rendered":"<p>19 ans s\u00e9parent l&rsquo;image en couleur de celles en noir et blanc. Ma directrice de th\u00e8se m&rsquo;habillant apr\u00e8s mon admission au grade de docteur en droit international, et l&rsquo;\u00e9quipe ivoirienne vainqueur du concours de plaidoirie en droit humanitaire en 2005 \u00e0 Dakar. Cela fait deux petits mois, jour pour jour, que j&rsquo;ai soutenu ma th\u00e8se. [&hellip;]<\/p>\n","protected":false},"author":2,"featured_media":4822,"comment_status":"closed","ping_status":"closed","sticky":false,"template":"","format":"standard","meta":{"footnotes":""},"categories":[6],"tags":[],"class_list":["post-4821","post","type-post","status-publish","format-standard","has-post-thumbnail","hentry","category-education"],"_links":{"self":[{"href":"https:\/\/goulyzia.net\/index.php\/wp-json\/wp\/v2\/posts\/4821","targetHints":{"allow":["GET"]}}],"collection":[{"href":"https:\/\/goulyzia.net\/index.php\/wp-json\/wp\/v2\/posts"}],"about":[{"href":"https:\/\/goulyzia.net\/index.php\/wp-json\/wp\/v2\/types\/post"}],"author":[{"embeddable":true,"href":"https:\/\/goulyzia.net\/index.php\/wp-json\/wp\/v2\/users\/2"}],"replies":[{"embeddable":true,"href":"https:\/\/goulyzia.net\/index.php\/wp-json\/wp\/v2\/comments?post=4821"}],"version-history":[{"count":2,"href":"https:\/\/goulyzia.net\/index.php\/wp-json\/wp\/v2\/posts\/4821\/revisions"}],"predecessor-version":[{"id":4825,"href":"https:\/\/goulyzia.net\/index.php\/wp-json\/wp\/v2\/posts\/4821\/revisions\/4825"}],"wp:featuredmedia":[{"embeddable":true,"href":"https:\/\/goulyzia.net\/index.php\/wp-json\/wp\/v2\/media\/4822"}],"wp:attachment":[{"href":"https:\/\/goulyzia.net\/index.php\/wp-json\/wp\/v2\/media?parent=4821"}],"wp:term":[{"taxonomy":"category","embeddable":true,"href":"https:\/\/goulyzia.net\/index.php\/wp-json\/wp\/v2\/categories?post=4821"},{"taxonomy":"post_tag","embeddable":true,"href":"https:\/\/goulyzia.net\/index.php\/wp-json\/wp\/v2\/tags?post=4821"}],"curies":[{"name":"wp","href":"https:\/\/api.w.org\/{rel}","templated":true}]}}