{"id":4826,"date":"2024-12-29T12:38:25","date_gmt":"2024-12-29T11:38:25","guid":{"rendered":"https:\/\/goulyzia.net\/?p=4826"},"modified":"2025-01-03T12:44:57","modified_gmt":"2025-01-03T11:44:57","slug":"15-annees-a-tenir-le-micro","status":"publish","type":"post","link":"https:\/\/goulyzia.net\/index.php\/2024\/12\/29\/15-annees-a-tenir-le-micro\/","title":{"rendered":"15 ann\u00e9es \u00e0 tenir le micro"},"content":{"rendered":"<p>Un ami m&rsquo;a demand\u00e9 pourquoi je me pr\u00e9sentais comme \u00ab\u00a0ancien journaliste\u00a0\u00bb. Parce que je ne tire plus mes revenus de ce m\u00e9tier, et que je n&rsquo;ai plus envie de relayer des infos auxquelles je ne crois pas (plus). M\u00eame si on reste journaliste dans l&rsquo;\u00e2me toute sa vie.<\/p>\n<p>Radio Amiti\u00e9 Yopougon, \u00e9chec au casting de Radio C\u00f4te d&rsquo;Ivoire ( 2007) , Radio Atlantique et Elit FM, \u00e9chec au casting de Radio Nostalgie Abidjan,( 2008)  Alerte Info ( Abidjan, San Pedro, Cotonou), LC2 T\u00e9l\u00e9vision gr\u00e2ce \u00e0 Patrice Louis du journal Le Monde, Afrikatv et des piges indirectes pour Vox Africa, Africable et CGTN fran\u00e7ais ( la cha\u00eene officielle chinoise). <\/p>\n<p>Des souvenirs foisonnent dans mon esprit. La couverture de la pr\u00e9sidentielle au Togo en f\u00e9vrier 2010, la pr\u00e9sidentielle b\u00e9ninoise d&rsquo;avril 2011, les coulisses de la CAN 2012 \u00e0 Cotonou pour LC2\/ Afnex, la pr\u00e9sidentielle d&rsquo;avril 2016 en Guin\u00e9e \u00e9quatoriale, la quinzaine de voyages au Congo-Brazzaville entre 2012 et 2016, la travers\u00e9e du fleuve Congo par le beach de Brazza, l&rsquo;interview de Papa Wemba \u00e0 son QG de Kasavubu \u00e0 Kinshasa, la couverture de la f\u00eate de la libert\u00e9 \u00e0 N&rsquo;Djamena et l&rsquo;interview du Premier ministre Emmanuel Nadingar, les interviews de Thierno Mon\u00e9nembo, Tiken Jah et Dibango \u00e0 Cotonou, l&rsquo;interview de Malika Bongo \u00e0 Librevillle, l&rsquo;interview de Roland Lumumba \u00e0 Abidjan, celle de Richard Attias \u00e0 Brazzaville, survoler Brazzaville &#8211; Sibiti dans le jet priv\u00e9 d&rsquo;un officiel congolais, la couverture du sommet mondial des femmes pr\u00e9sidents de parlement \u00e0 Abu Dhabi aux \u00c9mirats arabes unis&#8230;J&rsquo;en oublie..<\/p>\n<p>Ce n&rsquo;est pas interroger des personnalit\u00e9s qui m&rsquo;a le plus marqu\u00e9. C&rsquo;est le souvenir du contact humain. Par exemple, en tant que chef d&rsquo;\u00e9dition, pr\u00e9parer en off le squelette du script pour le prompteur, nouer et ajuster la cravate du pr\u00e9sentateur-vedette des JT du week-end de LC2 T\u00e9l\u00e9vision, Steev Hondjo. Passer un mois en for\u00eat \u00e9quatoriale aupr\u00e8s des populations rurales congolaises. Apprendre de la r\u00e9silience du peuple malien dans les rues de Bamako, apr\u00e8s l&rsquo;attentat du Radisson Blu en novembre 2015. \u00c7a ne s&rsquo;oublie pas. <\/p>\n<p>Ces exp\u00e9riences m&rsquo;ont permis de comprendre des choses. Par exemple, que sur le continent. le journalisme se pratiquait encore dans la pr\u00e9carit\u00e9. Les patrons d&rsquo;entreprise de presse tirent leur \u00e9pingle du jeu gr\u00e2ce \u00e0 leurs connexions avec le monde politique et celui des affaires. Mais les journalistes cr\u00e8vent dans le d\u00e9nuement. Pourquoi un journaliste pay\u00e9 \u00e0 100.000 FCFA ( 150 euros) au m\u00e9pris de conventions collectives existantes reste-t-il  au sein d&rsquo;une r\u00e9daction pendant des ann\u00e9es? Parce que hors du syst\u00e8me, hors de la r\u00e9daction, hors antenne, il ne repr\u00e9sente plus rien et son t\u00e9l\u00e9phone cesse de sonner. Il est vite oubli\u00e9.Il y a quelques semaines, une pr\u00e9sentatrice congolaise de la T\u00e9l\u00e9vision nationale est d\u00e9c\u00e9d\u00e9e des suites d&rsquo;une agression par des kulunas ( versant des microbes ivoiriens). Elle cherchait \u00e0 rentrer  \u00e0 moto-taxi apr\u00e8s avoir pr\u00e9sent\u00e9 le dernier JT de 23h. Inadmissible et r\u00e9voltant. <\/p>\n<p>Dans ce m\u00e9tier, il faut se battre avec ses propres armes et laisser parler son travail. Ne rien attendre de personne parce que les connexions et opportunit\u00e9s ne viennent jamais l\u00e0 o\u00f9 vous pensez qu&rsquo;elles viendront.  Ils ne sont pas nombreux les devanciers et confr\u00e8res qui ont une \u00e2me de passeur. Beaucoup de ceux qu&rsquo;on admire \u00e0 l&rsquo;\u00e9cran ou \u00e0 l&rsquo;antenne ne con\u00e7oivent la lumi\u00e8re pour eux et par eux. Ils savent ce que vous faites et ce que vous valez mais ils vous snoberont par complexe de sup\u00e9riorit\u00e9 ou d&rsquo;inf\u00e9riorit\u00e9. <\/p>\n<p>C&rsquo;est d&rsquo;ailleurs ce complexe d&rsquo;inf\u00e9riorit\u00e9 qui fait croire \u00e0 certains officiels africains  que faire du branding pays pendant 5mn sur TF1 pour \u00a0\u00bb booster\u00a0\u00bb le tourisme est un exploit \u00e0 conter aux g\u00e9n\u00e9rations futures, alors que le montage financier de telles op\u00e9rations profitent \u00e0 des bo\u00eetes de com et \u00e0 un cabinet de l&rsquo;ombre. Il y a quelques ann\u00e9es, un confr\u00e8re m&rsquo;a souffl\u00e9 le montant d&rsquo;une op\u00e9ration de branding du Burkina Faso sur Euronews goupill\u00e9e par un patron de presse proche de Compaor\u00e9 et Kabor\u00e9. Tout simplement ahurissant. Journalisme et communication, une relation incestueuse qui a encore de beaux jours devant elle. Heureusement que le journalisme m\u00e8ne \u00e0 tout \u00e0 condition d&rsquo;en sortir&#8230;.<\/p>\n","protected":false},"excerpt":{"rendered":"<p>Un ami m&rsquo;a demand\u00e9 pourquoi je me pr\u00e9sentais comme \u00ab\u00a0ancien journaliste\u00a0\u00bb. Parce que je ne tire plus mes revenus de ce m\u00e9tier, et que je n&rsquo;ai plus envie de relayer des infos auxquelles je ne crois pas (plus). M\u00eame si on reste journaliste dans l&rsquo;\u00e2me toute sa vie. Radio Amiti\u00e9 Yopougon, \u00e9chec au casting de [&hellip;]<\/p>\n","protected":false},"author":2,"featured_media":4827,"comment_status":"closed","ping_status":"closed","sticky":false,"template":"","format":"standard","meta":{"footnotes":""},"categories":[124],"tags":[],"class_list":["post-4826","post","type-post","status-publish","format-standard","has-post-thumbnail","hentry","category-medias-2"],"_links":{"self":[{"href":"https:\/\/goulyzia.net\/index.php\/wp-json\/wp\/v2\/posts\/4826","targetHints":{"allow":["GET"]}}],"collection":[{"href":"https:\/\/goulyzia.net\/index.php\/wp-json\/wp\/v2\/posts"}],"about":[{"href":"https:\/\/goulyzia.net\/index.php\/wp-json\/wp\/v2\/types\/post"}],"author":[{"embeddable":true,"href":"https:\/\/goulyzia.net\/index.php\/wp-json\/wp\/v2\/users\/2"}],"replies":[{"embeddable":true,"href":"https:\/\/goulyzia.net\/index.php\/wp-json\/wp\/v2\/comments?post=4826"}],"version-history":[{"count":1,"href":"https:\/\/goulyzia.net\/index.php\/wp-json\/wp\/v2\/posts\/4826\/revisions"}],"predecessor-version":[{"id":4828,"href":"https:\/\/goulyzia.net\/index.php\/wp-json\/wp\/v2\/posts\/4826\/revisions\/4828"}],"wp:featuredmedia":[{"embeddable":true,"href":"https:\/\/goulyzia.net\/index.php\/wp-json\/wp\/v2\/media\/4827"}],"wp:attachment":[{"href":"https:\/\/goulyzia.net\/index.php\/wp-json\/wp\/v2\/media?parent=4826"}],"wp:term":[{"taxonomy":"category","embeddable":true,"href":"https:\/\/goulyzia.net\/index.php\/wp-json\/wp\/v2\/categories?post=4826"},{"taxonomy":"post_tag","embeddable":true,"href":"https:\/\/goulyzia.net\/index.php\/wp-json\/wp\/v2\/tags?post=4826"}],"curies":[{"name":"wp","href":"https:\/\/api.w.org\/{rel}","templated":true}]}}