{"id":4857,"date":"2025-01-15T19:33:47","date_gmt":"2025-01-15T18:33:47","guid":{"rendered":"https:\/\/goulyzia.net\/?p=4857"},"modified":"2025-01-16T19:36:39","modified_gmt":"2025-01-16T18:36:39","slug":"memoire-de-farafinaso-jerome-carlos-un-an-deja","status":"publish","type":"post","link":"https:\/\/goulyzia.net\/index.php\/2025\/01\/15\/memoire-de-farafinaso-jerome-carlos-un-an-deja\/","title":{"rendered":"M\u00e9moire de Farafinaso: J\u00e9r\u00f4me Carlos, un an d\u00e9j\u00e0 !"},"content":{"rendered":"<p>Il y a un an, l&rsquo;historien ( au sens \u00e9thique du terme, loin des vantards surm\u00e9diatis\u00e9s que les tchapalocraties du moment tentent de nous imposer), journaliste et \u00e9crivain b\u00e9ninois, J\u00e9r\u00f4me Carlos, rangeait d\u00e9finitivement sa plume. En juillet 2010, j&rsquo;avais eu la chance de le rencontrer lors d&rsquo;une interview dans les locaux de sa radio CAPP FM \u00e0 Cotonou. Interview dans laquelle il fustigeait la participation \u00a0\u00bb ridicule\u00a0\u00bb des chefs d&rsquo;Etat africains au d\u00e9fil\u00e9 du 14 juillet. <\/p>\n<p>Sous le r\u00e9gime marxiste-l\u00e9niniste de K\u00e9r\u00e9kou, l&rsquo;objecteur de conscience avait trouv\u00e9 refuge au pays d&rsquo;Houphou\u00ebt. Avec son bin\u00f4me Di\u00e9gou Bailly, il a fait les beaux jours du magazine Ivoire Dimanche (ID). On se rappelle encore cette entrevue de Sankara par Di\u00e9gou Bailly, sous Houphou\u00ebt, qui avait fait la une de ID du 5 juillet 1987, trois mois avant l&rsquo;assassinat du r\u00e9volutionnaire. <\/p>\n<p>En 2025, je n&rsquo;imagine m\u00eame pas un patron de presse ivoirien aller \u00e0 Ouaga et revenir placarder \u00e0 la une de son canard une interview exclusive du capitaine Traor\u00e9 ( On vous objectera Traor\u00e9 n&rsquo;est pas Sankara&#8230; Qu&rsquo;\u00e0 cela ne tienne ! M\u00eame pour les patrons de presse qui ont des attaches solides dans le syst\u00e8me actuel, ce serait une gageure avec risque potentiel d&rsquo;ennuis judiciaires et\/ou administratifs. Les temps ont chang\u00e9&#8230;bref&#8230;). Pour les Ivoiriens de ma g\u00e9n\u00e9ration, l&rsquo;\u00e9mission litt\u00e9raire de J\u00e9r\u00f4me Carlos \u00e0 la T\u00e9l\u00e9vision nationale a marqu\u00e9 notre adolescence. Un immense homme de Culture qui savait se ranger dans le sens de la marche de l&rsquo;Histoire des peuples. 80 ans de vie utile sur la terre. Merci pour ces moments Fofo Carlos.<\/p>\n","protected":false},"excerpt":{"rendered":"<p>Il y a un an, l&rsquo;historien ( au sens \u00e9thique du terme, loin des vantards surm\u00e9diatis\u00e9s que les tchapalocraties du moment tentent de nous imposer), journaliste et \u00e9crivain b\u00e9ninois, J\u00e9r\u00f4me Carlos, rangeait d\u00e9finitivement sa plume. En juillet 2010, j&rsquo;avais eu la chance de le rencontrer lors d&rsquo;une interview dans les locaux de sa radio CAPP [&hellip;]<\/p>\n","protected":false},"author":2,"featured_media":4858,"comment_status":"closed","ping_status":"closed","sticky":false,"template":"","format":"standard","meta":{"footnotes":""},"categories":[124],"tags":[],"class_list":["post-4857","post","type-post","status-publish","format-standard","has-post-thumbnail","hentry","category-medias-2"],"_links":{"self":[{"href":"https:\/\/goulyzia.net\/index.php\/wp-json\/wp\/v2\/posts\/4857","targetHints":{"allow":["GET"]}}],"collection":[{"href":"https:\/\/goulyzia.net\/index.php\/wp-json\/wp\/v2\/posts"}],"about":[{"href":"https:\/\/goulyzia.net\/index.php\/wp-json\/wp\/v2\/types\/post"}],"author":[{"embeddable":true,"href":"https:\/\/goulyzia.net\/index.php\/wp-json\/wp\/v2\/users\/2"}],"replies":[{"embeddable":true,"href":"https:\/\/goulyzia.net\/index.php\/wp-json\/wp\/v2\/comments?post=4857"}],"version-history":[{"count":1,"href":"https:\/\/goulyzia.net\/index.php\/wp-json\/wp\/v2\/posts\/4857\/revisions"}],"predecessor-version":[{"id":4859,"href":"https:\/\/goulyzia.net\/index.php\/wp-json\/wp\/v2\/posts\/4857\/revisions\/4859"}],"wp:featuredmedia":[{"embeddable":true,"href":"https:\/\/goulyzia.net\/index.php\/wp-json\/wp\/v2\/media\/4858"}],"wp:attachment":[{"href":"https:\/\/goulyzia.net\/index.php\/wp-json\/wp\/v2\/media?parent=4857"}],"wp:term":[{"taxonomy":"category","embeddable":true,"href":"https:\/\/goulyzia.net\/index.php\/wp-json\/wp\/v2\/categories?post=4857"},{"taxonomy":"post_tag","embeddable":true,"href":"https:\/\/goulyzia.net\/index.php\/wp-json\/wp\/v2\/tags?post=4857"}],"curies":[{"name":"wp","href":"https:\/\/api.w.org\/{rel}","templated":true}]}}