{"id":4895,"date":"2025-03-27T14:08:45","date_gmt":"2025-03-27T13:08:45","guid":{"rendered":"https:\/\/goulyzia.net\/?p=4895"},"modified":"2025-03-27T14:08:46","modified_gmt":"2025-03-27T13:08:46","slug":"demonstration-transformation","status":"publish","type":"post","link":"https:\/\/goulyzia.net\/index.php\/2025\/03\/27\/demonstration-transformation\/","title":{"rendered":"D\u00e9monstration # Transformation"},"content":{"rendered":"<p>Je suis tomb\u00e9 ce matin sur ce passage de l&rsquo;\u0153uvre monumentale de Valentin Mudimbe r\u00e9cemment traduite de l&rsquo;anglais par Pr\u00e9sence Africaine. Dans le prolongement de la journ\u00e9e internationale pour l&rsquo;\u00e9limination de la discrimination raciale du 21 mars, j&rsquo;ai fait de ce chef-d&rsquo;\u0153uvre mon livre de chevet jusqu&rsquo;\u00e0 fin mars. Morceau choisi:<\/p>\n<p>\u00ab\u00a0L&rsquo;erreur que commettent souvent les Europ\u00e9ens lorsqu&rsquo;ils envisagent les questions concernant le progr\u00e8s des N\u00e8gres et le futur de l&rsquo;Afrique, est de supposer que les N\u00e8gres sont des Europ\u00e9ens embryonnaires &#8211; \u00e0 un stade sous-d\u00e9velopp\u00e9 &#8211; et que lorsqu&rsquo;ils finiront par jouir des avantages de la civilisation et de la culture, ils ressembleront aux Europ\u00e9ens; autrement dit, l&rsquo;erreur est d&rsquo;imaginer que les N\u00e8gres sont sur la m\u00eame trajectoire de progr\u00e8s, dans le m\u00eame sillon, que les Europ\u00e9ens, mais nettement derri\u00e8re eux\u00a0\u00bb, Edward Wilmot Blyden in L&rsquo;invention de l&rsquo;Afrique, p 250.<\/p>\n<p>L&rsquo;effet miroir d&rsquo;une telle posture pour le Noir est de le faire entrer ind\u00e9finiment dans une course \u00e0 la d\u00e9monstration, l\u00e0 o\u00f9 il faut juste exprimer pleinement son potentiel. <\/p>\n<p>Tel que le monde est con\u00e7u et nous est narr\u00e9, un Noir doit donc passer toute sa vie \u00e0 d\u00e9montrer qu&rsquo;il m\u00e9rite sa place alors que dans la m\u00eame position que lui, un Europ\u00e9en moyen ou un cancre de la pire esp\u00e8ce fait juste ce qu&rsquo;il a \u00e0 faire sans chercher \u00e0 justifier sa l\u00e9gitimit\u00e9 \u00e0 la place qu&rsquo;il occupe. \u00c0 quoi sert-il de d\u00e9montrer en tant que Noir toute sa vie qu&rsquo;on est plus fort qu&rsquo;un Europ\u00e9en ? Qu&rsquo;on sait parler, \u00e9crire, penser mieux qu&rsquo;un Europ\u00e9en dans sa propre langue ? \u00c0 quoi bon d\u00e9montrer \u00e0 quelqu&rsquo;un qui vous voit &#8211; sans vous l&rsquo;avouer en face &#8211; comme une sous-culture \u00e0 encourager dans son processus d&rsquo;uniformatisation civilisationnelle ?<\/p>\n<p>C&rsquo;est pourquoi les formules du style \u00ab\u00a0Premier Noir \u00e0 avoir fait \u00e7a, premier Noir \u00e0 avoir remport\u00e9 \u00e7a, premier Noir \u00e0 \u00eatre admis l\u00e0, seul Noir \u00e0 faire partie de \u00e7a&#8230;\u00a0\u00bb ne cr\u00e9ent plus aucune \u00e9mulation ou aucun frisson en moi. Pas que je crache sur le m\u00e9rite de ces hommes et femmes qui, dans un contexte historique d\u00e9favorable, se sont battus pour avoir voix au chapitre, l\u00e0 o\u00f9 une certaine doxa raciste et supr\u00e9maciste ne les attendait pas. Cela serait une m\u00e9prise de l&rsquo;histoire des luttes noires pass\u00e9es et contemporaines. <\/p>\n<p>Honn\u00eatement, je pense qu&rsquo;il faut arr\u00eater d&rsquo;\u00eatre dans la d\u00e9monstration. D\u00e9montrer pour se faire accepter et trouver sa place. D\u00e9montrer pour qu\u00e9mander la l\u00e9gitimit\u00e9 de parler en tant que bip\u00e8de pensant. Il faut agir et transformer notre r\u00e9alit\u00e9 quotidienne avec ce qu&rsquo;on a appris au contact des autres. C&rsquo;est la seule mani\u00e8re de changer le regard condescendant sur soi.<\/p>\n","protected":false},"excerpt":{"rendered":"<p>Je suis tomb\u00e9 ce matin sur ce passage de l&rsquo;\u0153uvre monumentale de Valentin Mudimbe r\u00e9cemment traduite de l&rsquo;anglais par Pr\u00e9sence Africaine. Dans le prolongement de la journ\u00e9e internationale pour l&rsquo;\u00e9limination de la discrimination raciale du 21 mars, j&rsquo;ai fait de ce chef-d&rsquo;\u0153uvre mon livre de chevet jusqu&rsquo;\u00e0 fin mars. Morceau choisi: \u00ab\u00a0L&rsquo;erreur que commettent souvent [&hellip;]<\/p>\n","protected":false},"author":2,"featured_media":4896,"comment_status":"closed","ping_status":"closed","sticky":false,"template":"","format":"standard","meta":{"footnotes":""},"categories":[13],"tags":[],"class_list":["post-4895","post","type-post","status-publish","format-standard","has-post-thumbnail","hentry","category-societe"],"_links":{"self":[{"href":"https:\/\/goulyzia.net\/index.php\/wp-json\/wp\/v2\/posts\/4895","targetHints":{"allow":["GET"]}}],"collection":[{"href":"https:\/\/goulyzia.net\/index.php\/wp-json\/wp\/v2\/posts"}],"about":[{"href":"https:\/\/goulyzia.net\/index.php\/wp-json\/wp\/v2\/types\/post"}],"author":[{"embeddable":true,"href":"https:\/\/goulyzia.net\/index.php\/wp-json\/wp\/v2\/users\/2"}],"replies":[{"embeddable":true,"href":"https:\/\/goulyzia.net\/index.php\/wp-json\/wp\/v2\/comments?post=4895"}],"version-history":[{"count":1,"href":"https:\/\/goulyzia.net\/index.php\/wp-json\/wp\/v2\/posts\/4895\/revisions"}],"predecessor-version":[{"id":4897,"href":"https:\/\/goulyzia.net\/index.php\/wp-json\/wp\/v2\/posts\/4895\/revisions\/4897"}],"wp:featuredmedia":[{"embeddable":true,"href":"https:\/\/goulyzia.net\/index.php\/wp-json\/wp\/v2\/media\/4896"}],"wp:attachment":[{"href":"https:\/\/goulyzia.net\/index.php\/wp-json\/wp\/v2\/media?parent=4895"}],"wp:term":[{"taxonomy":"category","embeddable":true,"href":"https:\/\/goulyzia.net\/index.php\/wp-json\/wp\/v2\/categories?post=4895"},{"taxonomy":"post_tag","embeddable":true,"href":"https:\/\/goulyzia.net\/index.php\/wp-json\/wp\/v2\/tags?post=4895"}],"curies":[{"name":"wp","href":"https:\/\/api.w.org\/{rel}","templated":true}]}}