{"id":4922,"date":"2025-07-02T17:53:38","date_gmt":"2025-07-02T15:53:38","guid":{"rendered":"https:\/\/goulyzia.net\/?p=4922"},"modified":"2025-07-02T17:53:39","modified_gmt":"2025-07-02T15:53:39","slug":"essounene-ablode-ca-suffit-on-veut-la-liberte","status":"publish","type":"post","link":"https:\/\/goulyzia.net\/index.php\/2025\/07\/02\/essounene-ablode-ca-suffit-on-veut-la-liberte\/","title":{"rendered":"Essoun\u00e9n\u00e9 Ablod\u00e9  ( \u00e7a suffit, on veut la libert\u00e9)"},"content":{"rendered":"<p>2 mars 2010, Lom\u00e9, stade municipal. Dernier jour de campagne pr\u00e9sidentielle. C&rsquo;est le slogan en langue \u00c9w\u00e9 le mieux partag\u00e9 parmi les militants de l&rsquo;UFC de l&rsquo;opposant Jean- Pierre Fabre. J&rsquo;entends le slogan au milieu des supporters de l&rsquo;alternance. Au sortir du stade, je cours r\u00e9diger ma d\u00e9p\u00eache pour l&rsquo;agence de presse Alerte Info qui m&#8217;emploie. Je n&rsquo;ai pas oubli\u00e9 la vitalit\u00e9 de ce ras-le-bol populaire au moment o\u00f9 le Togo est en proie \u00e0 des violences internes.<br \/>\nNul besoin de donner des le\u00e7ons de Zorro n\u00e8gre pour se faire comprendre. Chacun sait ce qu&rsquo;il se passe au Togo. Chacun fait semblant. Chaque fois qu&rsquo;on a pens\u00e9 que le pouvoir togolais ex\u00e9cutait l&rsquo;ultime pas de son \u00ab\u00a0Tchapalo Tango\u00a0\u00bb, il est revenu plus fort.<br \/>\nOn ne parle pas de progr\u00e8s r\u00e9alis\u00e9s par le Togo sous Faure Gnassingb\u00e9 en 20 ans. L&rsquo;h\u00e9ritier Gnassingb\u00e9 a r\u00e9solument modernis\u00e9 son pays. Pragmatique et flexible. C&rsquo;est un fait \u00e0 mettre \u00e0 son actif. Mais que vaut le progr\u00e8s sans Libert\u00e9 ?<br \/>\nCe qui rebute ceux qui ne sont pas encore vaincus par la r\u00e9signation, c&rsquo;est la perspective qu&rsquo;un seul patronyme r\u00e9gente la vie publique pendant plus d&rsquo;un demi-si\u00e8cle, sans concession pour les libert\u00e9s publiques et individuelles. Et \u00e7a, \u00e7a ne passe plus. M\u00eame quand on d\u00e9ploie le narratif m\u00e9diatique et diplomatique le plus s\u00e9duisant.<br \/>\nHonneur \u00e0 tous les Peuples en lutte !<\/p>\n","protected":false},"excerpt":{"rendered":"<p>2 mars 2010, Lom\u00e9, stade municipal. Dernier jour de campagne pr\u00e9sidentielle. C&rsquo;est le slogan en langue \u00c9w\u00e9 le mieux partag\u00e9 parmi les militants de l&rsquo;UFC de l&rsquo;opposant Jean- Pierre Fabre. J&rsquo;entends le slogan au milieu des supporters de l&rsquo;alternance. Au sortir du stade, je cours r\u00e9diger ma d\u00e9p\u00eache pour l&rsquo;agence de presse Alerte Info qui [&hellip;]<\/p>\n","protected":false},"author":2,"featured_media":4923,"comment_status":"closed","ping_status":"closed","sticky":false,"template":"","format":"standard","meta":{"footnotes":""},"categories":[11],"tags":[],"class_list":["post-4922","post","type-post","status-publish","format-standard","has-post-thumbnail","hentry","category-politique"],"_links":{"self":[{"href":"https:\/\/goulyzia.net\/index.php\/wp-json\/wp\/v2\/posts\/4922","targetHints":{"allow":["GET"]}}],"collection":[{"href":"https:\/\/goulyzia.net\/index.php\/wp-json\/wp\/v2\/posts"}],"about":[{"href":"https:\/\/goulyzia.net\/index.php\/wp-json\/wp\/v2\/types\/post"}],"author":[{"embeddable":true,"href":"https:\/\/goulyzia.net\/index.php\/wp-json\/wp\/v2\/users\/2"}],"replies":[{"embeddable":true,"href":"https:\/\/goulyzia.net\/index.php\/wp-json\/wp\/v2\/comments?post=4922"}],"version-history":[{"count":1,"href":"https:\/\/goulyzia.net\/index.php\/wp-json\/wp\/v2\/posts\/4922\/revisions"}],"predecessor-version":[{"id":4924,"href":"https:\/\/goulyzia.net\/index.php\/wp-json\/wp\/v2\/posts\/4922\/revisions\/4924"}],"wp:featuredmedia":[{"embeddable":true,"href":"https:\/\/goulyzia.net\/index.php\/wp-json\/wp\/v2\/media\/4923"}],"wp:attachment":[{"href":"https:\/\/goulyzia.net\/index.php\/wp-json\/wp\/v2\/media?parent=4922"}],"wp:term":[{"taxonomy":"category","embeddable":true,"href":"https:\/\/goulyzia.net\/index.php\/wp-json\/wp\/v2\/categories?post=4922"},{"taxonomy":"post_tag","embeddable":true,"href":"https:\/\/goulyzia.net\/index.php\/wp-json\/wp\/v2\/tags?post=4922"}],"curies":[{"name":"wp","href":"https:\/\/api.w.org\/{rel}","templated":true}]}}