{"id":4928,"date":"2025-09-17T16:42:20","date_gmt":"2025-09-17T14:42:20","guid":{"rendered":"https:\/\/goulyzia.net\/?p=4928"},"modified":"2025-09-17T16:42:21","modified_gmt":"2025-09-17T14:42:21","slug":"ils-vous-voient-ils-font-semblant","status":"publish","type":"post","link":"https:\/\/goulyzia.net\/index.php\/2025\/09\/17\/ils-vous-voient-ils-font-semblant\/","title":{"rendered":"Ils vous voient, ils font semblant"},"content":{"rendered":"<p>Un ami ivoirien m&rsquo;a demand\u00e9 ce matin : \u00a0\u00bb mais toi-l\u00e0 ohh, on t&rsquo;a jamais entendu sur RFI,  France 24, TV5 hein \u00ab\u00a0.<br \/>\nJ&rsquo;en ai rigol\u00e9. Apparemment c&rsquo;est le Graal d&rsquo;une \u00a0\u00bb carri\u00e8re litt\u00e9raire\u00a0\u00bb \u00ab\u00a0artistique\u00a0\u00bb, \u00ab\u00a0politique\u00a0\u00bb dans l&rsquo;imaginaire collectif francocentr\u00e9. Je lui ai dit que je ne boudais pas ces m\u00e9dias. Mais que je n&rsquo;en faisais pas non plus une obsession absolue. En tant qu&rsquo;enfant des m\u00e9dias, j&rsquo;ai une id\u00e9e de comment les choses fonctionnent. Bien s\u00fbr que structurellement, \u00e7a se joue entre R\u00e9dactions, diffuseurs et \u00e9diteurs. Mais \u00e7a se joue souvent au feeling entre le journaliste et l&rsquo;auteur. <\/p>\n<p>Il y a des auteurs qui sont s\u00fbrs de faire le tour des m\u00e9dias fran\u00e7ais m\u00eame quand ils pondent \u00e0 chaque rentr\u00e9e des b\u00e9b\u00e9s litt\u00e9raires pas du tout terribles \u00e0 l&rsquo;analyse.<br \/>\nPeut-\u00eatre que je frappe \u00e0 la mauvaise porte. En novembre 2019, \u00e0 la sortie de mon premier roman Tchapalo Tango, j&rsquo;ai contact\u00e9 un journaliste chroniqueur litt\u00e9raire \u00e0 TV5. Vu et ignor\u00e9. Tchapalo Tango n&rsquo;avait peut-\u00eatre pas la gueule d&rsquo;un Goncourt. Mais la m\u00eame ann\u00e9e,  j&rsquo;ai vu le m\u00eame journaliste couvrir d&rsquo;\u00e9loges un roman pas terrible. J&rsquo;ai exp\u00e9di\u00e9 depuis avril 2025 sur recommandation d&rsquo;un collaborateur ext\u00e9rieur de la maison trois exemplaires de Malo-Woussou \u00e0 la R\u00e9daction Afrique de TV5 dans le 17\u00e8 de Paris. Black-out 5 mois apr\u00e8s.  M\u00eame apr\u00e8s le sacre de Malo-Woussou en mai au SILA.<br \/>\nEt puis, ce n&rsquo;est pas une affaire de m\u00e9dias fran\u00e7ais. Le hors-m\u00e9dias fait mal au coeur. Je suis \u00e0 3 heures de train de Paris. \u00c0 mon retour d&rsquo;Abidjan, j&rsquo;ai introduit le 19 juin une demande d&rsquo;audience d\u00fbment r\u00e9dig\u00e9e  aupr\u00e8s de l&rsquo;ambassadeur de C\u00f4te d&rsquo;Ivoire en France dont on conna\u00eet l&rsquo;app\u00e9tence  pour la Culture, et qui est \u00e0 l&rsquo;origine de la cr\u00e9ation du Grand Prix National Bernard Dadi\u00e9. Pourquoi n&rsquo;ai-je pas \u00e9t\u00e9 encore re\u00e7u par l&rsquo;illustre \u00e9crivain-diplomate que j&rsquo;ai d\u00e9j\u00e0 rencontr\u00e9 \u00e0 Nantes et Paris ? Pourquoi ne suis-je pas  associ\u00e9 aux \u00e9v\u00e9nements culturels de l&rsquo;Ambassade si tant est que je suis ambassadeur litt\u00e9raire ivoirien pour une ann\u00e9e au moins ? Probl\u00e8me d&rsquo;agenda ou ma gueule d\u00e9range ? Je pr\u00e9f\u00e8re croire \u00e0 la premi\u00e8re hypoth\u00e8se parce qu&rsquo;il y a de fortes chances que mon ton critique mais respectueux et mon esprit libre ne changent  jamais. <\/p>\n<p>Les j\u00e9r\u00e9miades et les honneurs, c&rsquo;est pas ma calebasse de tchapalo. J&rsquo;avance avec mes armes. Je ne l\u00e2cherai rien. Parce que je viens de loin. D&rsquo;o\u00f9 je viens, il n&rsquo;y a pas de place pour les perdants. Il faut encore travailler pour que plus personne n&rsquo;ignore la luminescence de votre \u00e9toile. Dieu va faire ENCORE.#Kodobawa<\/p>\n","protected":false},"excerpt":{"rendered":"<p>Un ami ivoirien m&rsquo;a demand\u00e9 ce matin : \u00a0\u00bb mais toi-l\u00e0 ohh, on t&rsquo;a jamais entendu sur RFI, France 24, TV5 hein \u00ab\u00a0. J&rsquo;en ai rigol\u00e9. Apparemment c&rsquo;est le Graal d&rsquo;une \u00a0\u00bb carri\u00e8re litt\u00e9raire\u00a0\u00bb \u00ab\u00a0artistique\u00a0\u00bb, \u00ab\u00a0politique\u00a0\u00bb dans l&rsquo;imaginaire collectif francocentr\u00e9. Je lui ai dit que je ne boudais pas ces m\u00e9dias. Mais que je n&rsquo;en [&hellip;]<\/p>\n","protected":false},"author":2,"featured_media":4929,"comment_status":"closed","ping_status":"closed","sticky":false,"template":"","format":"standard","meta":{"footnotes":""},"categories":[3],"tags":[],"class_list":["post-4928","post","type-post","status-publish","format-standard","has-post-thumbnail","hentry","category-culture"],"_links":{"self":[{"href":"https:\/\/goulyzia.net\/index.php\/wp-json\/wp\/v2\/posts\/4928","targetHints":{"allow":["GET"]}}],"collection":[{"href":"https:\/\/goulyzia.net\/index.php\/wp-json\/wp\/v2\/posts"}],"about":[{"href":"https:\/\/goulyzia.net\/index.php\/wp-json\/wp\/v2\/types\/post"}],"author":[{"embeddable":true,"href":"https:\/\/goulyzia.net\/index.php\/wp-json\/wp\/v2\/users\/2"}],"replies":[{"embeddable":true,"href":"https:\/\/goulyzia.net\/index.php\/wp-json\/wp\/v2\/comments?post=4928"}],"version-history":[{"count":1,"href":"https:\/\/goulyzia.net\/index.php\/wp-json\/wp\/v2\/posts\/4928\/revisions"}],"predecessor-version":[{"id":4930,"href":"https:\/\/goulyzia.net\/index.php\/wp-json\/wp\/v2\/posts\/4928\/revisions\/4930"}],"wp:featuredmedia":[{"embeddable":true,"href":"https:\/\/goulyzia.net\/index.php\/wp-json\/wp\/v2\/media\/4929"}],"wp:attachment":[{"href":"https:\/\/goulyzia.net\/index.php\/wp-json\/wp\/v2\/media?parent=4928"}],"wp:term":[{"taxonomy":"category","embeddable":true,"href":"https:\/\/goulyzia.net\/index.php\/wp-json\/wp\/v2\/categories?post=4928"},{"taxonomy":"post_tag","embeddable":true,"href":"https:\/\/goulyzia.net\/index.php\/wp-json\/wp\/v2\/tags?post=4928"}],"curies":[{"name":"wp","href":"https:\/\/api.w.org\/{rel}","templated":true}]}}