{"id":4935,"date":"2025-09-26T10:05:36","date_gmt":"2025-09-26T08:05:36","guid":{"rendered":"https:\/\/goulyzia.net\/?p=4935"},"modified":"2025-09-26T10:05:36","modified_gmt":"2025-09-26T08:05:36","slug":"malo-woussou-politico-judiciaire","status":"publish","type":"post","link":"https:\/\/goulyzia.net\/index.php\/2025\/09\/26\/malo-woussou-politico-judiciaire\/","title":{"rendered":"Malo-Woussou politico-judiciaire"},"content":{"rendered":"<p>Un ami me demande avec insistance  de commenter l&rsquo;annonce du retrait avec \u00ab\u00a0effet imm\u00e9diat \u00a0\u00bb du Burkina,  du Mali et du Niger de la CPI. Il s\u00a0\u00bbattend \u00e0 ce que j&#8217;embouche la trompette des experts m\u00e9diatis\u00e9s de l&rsquo;audiovisuel ext\u00e9rieur fran\u00e7ais. Dans le style \u00ab\u00a0recul intol\u00e9rable, historique, d\u00e9cevant de l&rsquo;\u00c9tat de droit&#8230;\u00a0\u00bb. blablabla&#8230;. Il n&rsquo;y a rien \u00e0 commenter. Il faut juste en prendre acte et esp\u00e9rer que les juridictions nationales de ces pays assurent prioritairement la r\u00e9pression des crimes graves internationaux  inscrits d\u00e9j\u00e0 dans le corpus juridique interne de ces \u00c9tats.<br \/>\nL&rsquo;id\u00e9e d&rsquo;une justice p\u00e9nale internationale,  permanente, \u00e0 vocation universelle, est une construction politico-juridique qui a pris corps, apr\u00e8s les errements des proc\u00e8s de Nuremberg et Tokyo, pour donner le Statut de Rome de 1998.<br \/>\nLa mise en jeu de la responsabilit\u00e9 p\u00e9nale individuelle et la prise en compte des victimes sont des victoires ind\u00e9niables de la justice internationale qui restent des acquis. Mais \u00e0 la pratique, les fruits n&rsquo;ont pas tenu la promesse des fleurs. La perception de la CPI en tant qu&rsquo;instrument des puissants reste pr\u00e9gnante.<br \/>\nLes liens suspects de Moreno Ocampo avec l&rsquo;oligarchie n\u00e9o-lib\u00e9rale  et le lourd passif l\u00e9gu\u00e9 \u00e0 Bensouda ont consid\u00e9rablement \u00e9rod\u00e9 sa cr\u00e9dibilit\u00e9. Les seigneurs des crimes en treillis, reconvertis ou en activit\u00e9, et ceux en costumes trois pi\u00e8ces, continuent de narguer l&rsquo;impuissance du pr\u00e9toire de La Haye \u00e0 faire peser toute coercition sur un \u00c9tat.<br \/>\nPrenons l&rsquo;exemple de la C\u00f4te d&rsquo;Ivoire. La strat\u00e9gie de poursuites du Bureau du Procureur,  depuis 2012,  est contre-productive. Pour ne citer que cette anecdote qui a fris\u00e9 le ridicule, on a vu \u00e0 La Haye un cadre du parti au pouvoir se pr\u00e9senter comme expert ind\u00e9pendant. \u00ab\u00a0La faiblesse exceptionnelle\u00a0\u00bb des preuves reproch\u00e9e \u00e0 Bensouda n&rsquo;est pas fortuite.<br \/>\nIl faut des enqu\u00eates s\u00e9rieuses et de vrais t\u00e9moins existent. Le Bureau de la CPI \u00e0 Abidjan regorgeait de magistrats transfuges de juridictions nationales qui ont \u00e9t\u00e9 pour certains au coeur de certaines instructions sensibles. Mais ce Bureau a manqu\u00e9  de moyens. Des missions touristiques de magistrats pr\u00e9tendument appel\u00e9es enqu\u00eates pr\u00e9liminaires ne peuvent satisfaire la soif de justice pour tous les crimes de guerre et crimes contre l&rsquo;humanit\u00e9 commis de part et d&rsquo;autre depuis 2002. Existe t-il encore des mandats sous scell\u00e9s ? Si oui, la demande de lev\u00e9e  de ces scell\u00e9s aux juges de la Cour aurait \u00e9t\u00e9 la chose la plus simple. \u00c0 moins qu&rsquo;on veuille marchander le sort des chefs de guerre dont les noms circulaient d\u00e9j\u00e0 sous le manteau. Tout cela ressemble bien \u00e0 du Malo-Woussou politico-judiciaire. T\u00f4t ou tard, l&rsquo;imprescriptibilit\u00e9 des crimes internationaux entrant dans le champ de la comp\u00e9tence mat\u00e9rielle de la CPI parlera plus fort. Un jour. Un seul.<\/p>\n","protected":false},"excerpt":{"rendered":"<p>Un ami me demande avec insistance de commenter l&rsquo;annonce du retrait avec \u00ab\u00a0effet imm\u00e9diat \u00a0\u00bb du Burkina, du Mali et du Niger de la CPI. Il s\u00a0\u00bbattend \u00e0 ce que j&#8217;embouche la trompette des experts m\u00e9diatis\u00e9s de l&rsquo;audiovisuel ext\u00e9rieur fran\u00e7ais. Dans le style \u00ab\u00a0recul intol\u00e9rable, historique, d\u00e9cevant de l&rsquo;\u00c9tat de droit&#8230;\u00a0\u00bb. blablabla&#8230;. Il n&rsquo;y a [&hellip;]<\/p>\n","protected":false},"author":2,"featured_media":4936,"comment_status":"closed","ping_status":"closed","sticky":false,"template":"","format":"standard","meta":{"footnotes":""},"categories":[8],"tags":[],"class_list":["post-4935","post","type-post","status-publish","format-standard","has-post-thumbnail","hentry","category-justice"],"_links":{"self":[{"href":"https:\/\/goulyzia.net\/index.php\/wp-json\/wp\/v2\/posts\/4935","targetHints":{"allow":["GET"]}}],"collection":[{"href":"https:\/\/goulyzia.net\/index.php\/wp-json\/wp\/v2\/posts"}],"about":[{"href":"https:\/\/goulyzia.net\/index.php\/wp-json\/wp\/v2\/types\/post"}],"author":[{"embeddable":true,"href":"https:\/\/goulyzia.net\/index.php\/wp-json\/wp\/v2\/users\/2"}],"replies":[{"embeddable":true,"href":"https:\/\/goulyzia.net\/index.php\/wp-json\/wp\/v2\/comments?post=4935"}],"version-history":[{"count":1,"href":"https:\/\/goulyzia.net\/index.php\/wp-json\/wp\/v2\/posts\/4935\/revisions"}],"predecessor-version":[{"id":4937,"href":"https:\/\/goulyzia.net\/index.php\/wp-json\/wp\/v2\/posts\/4935\/revisions\/4937"}],"wp:featuredmedia":[{"embeddable":true,"href":"https:\/\/goulyzia.net\/index.php\/wp-json\/wp\/v2\/media\/4936"}],"wp:attachment":[{"href":"https:\/\/goulyzia.net\/index.php\/wp-json\/wp\/v2\/media?parent=4935"}],"wp:term":[{"taxonomy":"category","embeddable":true,"href":"https:\/\/goulyzia.net\/index.php\/wp-json\/wp\/v2\/categories?post=4935"},{"taxonomy":"post_tag","embeddable":true,"href":"https:\/\/goulyzia.net\/index.php\/wp-json\/wp\/v2\/tags?post=4935"}],"curies":[{"name":"wp","href":"https:\/\/api.w.org\/{rel}","templated":true}]}}