{"id":794,"date":"2017-08-23T19:50:32","date_gmt":"2017-08-23T18:50:32","guid":{"rendered":"https:\/\/goulyzia.wordpress.com\/?p=794"},"modified":"2023-06-04T17:20:55","modified_gmt":"2023-06-04T15:20:55","slug":"jeunesse-africaine-une-conscience-economique-qui-reste-a-batir","status":"publish","type":"post","link":"https:\/\/goulyzia.net\/index.php\/2017\/08\/23\/jeunesse-africaine-une-conscience-economique-qui-reste-a-batir\/","title":{"rendered":"Jeunesse africaine: une conscience  \u00e9conomique qui reste \u00e0 b\u00e2tir"},"content":{"rendered":"<p>En me rendant \u00e0 Brazzaville pour la couverture du Forum <em>Build Africa <\/em>\u00a0en f\u00e9vrier 2014, j&rsquo;avais une seule envie: rencontrer celui que de nombreux m\u00e9dias internationaux pr\u00e9sentaient comme \u00ab\u00a0le Steve Jobs africain\u00a0\u00bb; le p\u00e8re de la premi\u00e8re tablette tactile africaine et du premier smartphone africain, l&rsquo;ing\u00e9nieux trentenaire V\u00e9rone Mankou. Rendez-vous pris au 4\u00e8 \u00e9tage de l&rsquo;immeuble Monte Christo, rond-point de la gare routi\u00e8re, si\u00e8ge de <em>VMK<\/em>, l&rsquo;entreprise de Mankou. VMK ou \u00ab\u00a0Voumka\u00a0\u00bb en langue locale Kikongo pour dire \u00ab\u00a0r\u00e9veillez-vous\u00a0\u00bb. A la fin de l&rsquo;interview, j&rsquo;avais saisi en lui cette \u00e2me de leader. V\u00e9rone Mankou n&rsquo;\u00e9tait plus le fr\u00eale conseiller technique de l&rsquo;ex-ministre congolais des postes et t\u00e9l\u00e9communications, Thierry Moungalla. Il avait acquis du coffre et une stature d&rsquo;entrepreneur ayant une vision prospective des affaires. Cette volont\u00e9 in\u00e9branlable de se r\u00e9aliser, d&rsquo;aller vers l&rsquo;autonomisation m&rsquo;avait frapp\u00e9 chez ce Congolais issu d&rsquo;une famille modeste.<\/p>\n<p>Des <em>V\u00e9rone Mankou<\/em>, il en existe des milliers sur le continent africain. Ils n&rsquo;ont peut-\u00eatre pas l&rsquo;accompagnement au plus haut sommet de leurs Etats ; ils n&rsquo;ont pas la chance d&rsquo;\u00eatre autant m\u00e9diatis\u00e9s comme V\u00e9rone. Ils ne sont peut-\u00eatre pas laur\u00e9ats de prix internationaux \u00e0 des rencontres internationales. Mais leur m\u00e9rite n&rsquo;en reste pas moins intact. Ils font bouger les lignes dans leurs domaines de comp\u00e9tence: nouvelles technologies, \u00a0tourisme, m\u00e9dias, agriculture, \u00e9levage, mode, sport, culture, start-ups dans les services&#8230;<\/p>\n<p>Une nouvelle conscience \u00e9conomique de la jeunesse africaine est en marche: elle ouvre la voie \u00e0 une prise de conscience du potentiel intrins\u00e8que doubl\u00e9e d&rsquo;un d\u00e9sir de se prendre en charge, m\u00eame quand le cadre institutionnel que l&rsquo;Etat doit fournir fait d\u00e9faut.<\/p>\n<p>C&rsquo;est cette conscience \u00e9conomique aig\u00fce qui fait comprendre aux jeunes longtemps terreau fertile de la manipulation politique qu&rsquo;ils ne sont pas que de la chair \u00e0 canon.<\/p>\n<p>Sur le continent africain, on a longtemps \u00e9veill\u00e9 ces jeunes \u00e0 la conscience politique sans donner ou favoriser les moyens d&rsquo;une conscience \u00e9conomique. Pourtant conscience politique et conscience \u00e9conomique peuvent faire bon m\u00e9nage.<\/p>\n<p>Dans un contexte de pr\u00e9carit\u00e9 et de paup\u00e9risation g\u00e9n\u00e9ralis\u00e9e, l&rsquo;accession au pouvoir d&rsquo;Etat est devenue l&rsquo;obsession pour s&rsquo;offrir un statut social par le militantisme politique. De nombreux politiques continuent \u00e0 promettre, avec une d\u00e9magogie insoutenable, des emplois \u00e0 des jeunes sur la base de leur militantisme.<\/p>\n<p>Ces jeunes se r\u00e9veillent souvent abasourdis. Les lendemains de r\u00e9volution ou d&rsquo;alternance sont l&rsquo;occasion de d\u00e9senchantement \u00e0 la hauteur des espoirs n\u00e9s d&rsquo;un changement de r\u00e9gime.<\/p>\n<p>Moi, je crois en cette jeunesse qui s&rsquo;\u00e9mancipe d\u00e9sormais du dictat des prestidigitateurs de la sc\u00e8ne politique pour prendre son destin en main.De Nairobi \u00e0 Kigali, d&rsquo;Abidjan \u00e0 Johannesburg, en passant par le Caire, les m\u00e9ninges des jeunes africains bouillonnent, rivalisent de cr\u00e9ativit\u00e9 et de g\u00e9nie. Les concours de start-ups et de projets innovants se multiplient. Les mod\u00e8les \u00e9conomiques durables de jeunes entrepreneurs font t\u00e2che d&rsquo;huile.<\/p>\n<p>Un v\u00e9ritable motif d&rsquo;esp\u00e9rance dans une ar\u00e8ne politique et sociale habitu\u00e9e \u00e0 produire de la d\u00e9sesp\u00e9rance..<\/p>\n","protected":false},"excerpt":{"rendered":"<p>En me rendant \u00e0 Brazzaville pour la couverture du Forum Build Africa \u00a0en f\u00e9vrier 2014, j&rsquo;avais une seule envie: rencontrer celui que de nombreux m\u00e9dias internationaux pr\u00e9sentaient comme \u00ab\u00a0le Steve Jobs africain\u00a0\u00bb; le p\u00e8re de la premi\u00e8re tablette tactile africaine et du premier smartphone africain, l&rsquo;ing\u00e9nieux trentenaire V\u00e9rone Mankou. Rendez-vous pris au 4\u00e8 \u00e9tage de [&hellip;]<\/p>\n","protected":false},"author":2,"featured_media":889,"comment_status":"open","ping_status":"open","sticky":false,"template":"","format":"status","meta":{"footnotes":""},"categories":[5],"tags":[30,95,97],"class_list":["post-794","post","type-post","status-publish","format-status","has-post-thumbnail","hentry","category-economie","tag-conscience-economique","tag-verone-mankou","tag-vmk","post_format-post-format-status"],"_links":{"self":[{"href":"https:\/\/goulyzia.net\/index.php\/wp-json\/wp\/v2\/posts\/794","targetHints":{"allow":["GET"]}}],"collection":[{"href":"https:\/\/goulyzia.net\/index.php\/wp-json\/wp\/v2\/posts"}],"about":[{"href":"https:\/\/goulyzia.net\/index.php\/wp-json\/wp\/v2\/types\/post"}],"author":[{"embeddable":true,"href":"https:\/\/goulyzia.net\/index.php\/wp-json\/wp\/v2\/users\/2"}],"replies":[{"embeddable":true,"href":"https:\/\/goulyzia.net\/index.php\/wp-json\/wp\/v2\/comments?post=794"}],"version-history":[{"count":1,"href":"https:\/\/goulyzia.net\/index.php\/wp-json\/wp\/v2\/posts\/794\/revisions"}],"predecessor-version":[{"id":4302,"href":"https:\/\/goulyzia.net\/index.php\/wp-json\/wp\/v2\/posts\/794\/revisions\/4302"}],"wp:featuredmedia":[{"embeddable":true,"href":"https:\/\/goulyzia.net\/index.php\/wp-json\/wp\/v2\/media\/889"}],"wp:attachment":[{"href":"https:\/\/goulyzia.net\/index.php\/wp-json\/wp\/v2\/media?parent=794"}],"wp:term":[{"taxonomy":"category","embeddable":true,"href":"https:\/\/goulyzia.net\/index.php\/wp-json\/wp\/v2\/categories?post=794"},{"taxonomy":"post_tag","embeddable":true,"href":"https:\/\/goulyzia.net\/index.php\/wp-json\/wp\/v2\/tags?post=794"}],"curies":[{"name":"wp","href":"https:\/\/api.w.org\/{rel}","templated":true}]}}