{"id":901,"date":"2017-08-26T15:24:00","date_gmt":"2017-08-26T14:24:00","guid":{"rendered":"https:\/\/goulyzia.wordpress.com\/?p=901"},"modified":"2023-06-04T17:21:30","modified_gmt":"2023-06-04T15:21:30","slug":"fcfa-pourquoi-je-ne-soutiendrai-pas-kemi-seba-dans-sa-posture-actuelle","status":"publish","type":"post","link":"https:\/\/goulyzia.net\/index.php\/2017\/08\/26\/fcfa-pourquoi-je-ne-soutiendrai-pas-kemi-seba-dans-sa-posture-actuelle\/","title":{"rendered":"FCFA: pourquoi je ne soutiendrai pas Kemi Seba dans sa posture actuelle"},"content":{"rendered":"<p>Il vient de r\u00e9ussir un sacr\u00e9 coup m\u00e9diatique et strat\u00e9gique avec son arrestation pour avoir brul\u00e9 symboliquement un billet de FCFA. Le pol\u00e9miste panafricain Kemi Seba est sous le feu des critiques. Acte maladroit, improductif, s&rsquo;indignent certains observateurs. \u00ab\u00a0On tient l&rsquo;\u00e9l\u00e9ment d\u00e9clencheur de la r\u00e9volution en zone UEMOA et CEMAC\u00a0\u00bb, s&rsquo;enthousiasment d&rsquo;autres.Difficile de ne pas r\u00e9agir \u00e0 cette pol\u00e9mique.<\/p>\n<p>Que tous ceux qui derri\u00e8re leurs claviers s&rsquo;insurgent contre une m\u00e9thode indisciplin\u00e9e, &nbsp;peu raffin\u00e9e se d\u00e9trompent. Kemi Seba est tout sauf le dernier des idiots. R\u00e9cemment, un chroniqueur africain a tent\u00e9 maladroitement de d\u00e9l\u00e9gitimer Kemi Seba, estimant que la cause du FCFA m\u00e9ritait mieux qu&rsquo;un soi-disant \u00ab\u00a0super-h\u00e9ros\u00a0\u00bb se pavanant avec un passeport fran\u00e7ais et fich\u00e9 \u00ab\u00a0S\u00a0\u00bb en France. Attention aux caricatures ! &nbsp;La sortie du FCFA a \u00e9t\u00e9 d\u00e9j\u00e0 th\u00e9oris\u00e9e par d&rsquo;\u00e9minences grises sur le continent. Qui mieux que l&rsquo;ancien patron de la Commission \u00e9conomique de l&rsquo;ONU pour l\u2019Afrique, le Bissau-Guin\u00e9en, Carlos Lopes, aura donn\u00e9 un uppercut aux tenants de la th\u00e9orie de l&rsquo;intouchable CFA. Ne comptez pas sur Alassane Ouattara ou Macky Sall pour d\u00e9noncer ce syst\u00e8me dont ils sont eux-m\u00eames purs produits. Alpha Cond\u00e9, Obiang Nguema, Sassou Nguema ou Idriss D\u00e9by s&rsquo;autorisent des libert\u00e9s de ton sur le d\u00e9bat.Mais ils sont vite rattrap\u00e9s par les r\u00e9alit\u00e9s impos\u00e9es par la gestion de la chose \u00e9tatique.Dans la lutte contre le CFA, l&rsquo;\u00e9veil d&rsquo;une conscience citoyenne passe par des tribuns de la carrure de Seba.<\/p>\n<p>Fin strat\u00e8ge, tribun inv\u00e9t\u00e9r\u00e9 au bagout probant, Kemi Seba sait pertinemment que sa noble campagne contre le CFA lanc\u00e9e d\u00e9but 2017 tarde \u00e0 rallier et mobiliser les masses, substrat de toute lutte d&rsquo;ob\u00e9dience marxiste r\u00e9volutionnaire dont il s&rsquo;inspire. Apr\u00e8s quelques tourn\u00e9es dans des capitales africaines, il \u00e9tait temps de passer \u00e0 autre chose. Son d\u00e9lit pr\u00e9m\u00e9dit\u00e9 s&rsquo;inscrit dans cette veine: br\u00fbler un billet de FCFA, un d\u00e9lit au sens du droit positif s\u00e9n\u00e9galais, susceptible d&rsquo;enclencher des poursuites pouvant d\u00e9boucher sur un &nbsp;retentissant proc\u00e8s. Le proc\u00e8s de la BCEAO contre Kemi Seba (s&rsquo;il avait lieu) serait aussi celui du FCFA, au coeur de la capitale s\u00e9n\u00e9galaise qui abrite le si\u00e8ge de l&rsquo;institution. Gain politique et m\u00e9diatique assur\u00e9 pour un mouvement anti-CFA! M\u00eame s&rsquo;il encourt une &nbsp;peine privative de libert\u00e9 allant de cinq \u00e0 dix ans, Kemi Seba dit vouloir se sacrifier pour sa g\u00e9n\u00e9ration. Et c&rsquo;est l\u00e0 o\u00f9 son message cesse d&rsquo;\u00eatre intelligible \u00e0 mon niveau.<\/p>\n<p>Le temps des martyrs sur le continent me semble r\u00e9volu.Toute ma g\u00eane r\u00e9side dans le fait que cela sonne comme du d\u00e9j\u00e0 entendu. Nous sommes fatigu\u00e9s de pleurer des martyrs pour voir des n\u00e9o-martyrs allonger la liste des Lumumba, Sankara, Nasser&#8230;<\/p>\n<p>Des Kemi Seba, l&rsquo;Afrique en enfantera toujours parce que l&rsquo;Histoire de la renaissance des peuples noires est en marche et est un mouvement irr\u00e9versible. Mais ce Kemi Seba d\u00e9chirant un billet de 5000 FCFA \u00e0 la place de l&rsquo;Ob\u00e9lisque \u00e0 Dakar, &nbsp;l&rsquo;Afrique en a encore besoin. Je ne pense pas qu&rsquo;un Kemi Seba en prison de surcro\u00eet en terre africaine, embastill\u00e9 par ses propres fr\u00e8res africains, soit utile \u00e0 la cause, \u00e0 moins que l&rsquo;objectif recherch\u00e9 in fine soit d&rsquo;appara\u00eetre en second Mandela sur le continent. Sur ce terrain, je pense que le pol\u00e9miste joue prodomo et n&rsquo;est pas loin d&rsquo;un syndrome de m\u00e9galomanie.<\/p>\n<p>J&rsquo;ai toujours pris mes distances avec les th\u00e8ses du pol\u00e9miste sur le retour initiatique et cultuel aux religions africaines ou encore la riposte radicalisante de la haine \u00e0 la haine&nbsp;syst\u00e9mique. Ils ne sont pas nombreux ces jeunes leaders africains capables d&rsquo;aller au charbon, \u00eatre \u00e0 l&rsquo;aise aussi bien sur un plateau de t\u00e9l\u00e9vision que face \u00e0 une foule hyst\u00e9rique de militants.Son discours qui s&rsquo;abreuve au courant rh\u00e9torique des militants noirs afro-am\u00e9ricains me rappelle un certain Eldridge Cleaver, symbole d&rsquo;une Am\u00e9rique des ann\u00e9es s\u00e9gr\u00e9gationnistes.Mais les positions conciliantes d&rsquo;Eldridge Cleaver \u00e0 la fin de sa vie montrent que la haine et la violence ne nous m\u00e8neront nulle part.<\/p>\n<p>Face \u00e0 l&rsquo;imp\u00e9rialisme occidental, je pr\u00e9f\u00e8re la rupture et la nationalisation intelligentes et m\u00e9thodiques du Bolivien Evo Morales au populisme de Jaime Roldos qui n&rsquo;a pas surv\u00e9cu en 1981 \u00e0 l&rsquo;explosion de son avion, juste apr\u00e8s l&rsquo;annonce dans un stade de la nationalisation des champs p\u00e9trolif\u00e8res de l&rsquo;Equateur.<\/p>\n<p>La conscience citoyenne et populaire incarn\u00e9e par Kemi Seba devra se fondre dans le changement structurel de nos \u00e9conomies encore calqu\u00e9es sur un mod\u00e8le colonial d&rsquo;exportations de mati\u00e8res premi\u00e8res. Mais cela, tout le monde le sait mais personne ne veut avancer les pions.<\/p>\n<p><img loading=\"lazy\" decoding=\"async\" class=\"alignnone size-full wp-image-1056\" src=\"https:\/\/goulyzia.files.wordpress.com\/2017\/08\/fg5.jpg\" alt=\"FG5\" width=\"539\" height=\"960\"><\/p>\n<div class=\"page\" title=\"Page 3\">\n<div class=\"layoutArea\">\n<div class=\"column\">\n<p>Assis devant la case reconstitu\u00e9e du roi Makoko, case qui avait abrit\u00e9 la signature d&rsquo;un protectorat ayant brad\u00e9 (ou presque) la ville de Brazzaville \u00e0 l&rsquo;explorateur Savorgnan de Brazza, ces paroles d&rsquo;Arthur Shopenhauer dans <em>l&rsquo;art d&rsquo;avoir toujours raison<\/em> me parlent:<\/p>\n<p><em>\u00ab\u00a0On peut en effet avoir objectivement raison quant au de\u0301bat lui-me\u0302me tout en ayant tort aux yeux des personnes pre\u0301sentes, et parfois me\u0302me a\u0300 ses propres yeux&#8230; Donc, la ve\u0301rite\u0301 objective d\u2019une proposition et la validite\u0301 de celle-ci au plan de l\u2019approbation des opposants et des auditeurs sont deux choses bien distinctes\u00a0\u00bb<\/em><\/p>\n<p>Et le philosophe allemand de s&rsquo;interroger:<\/p>\n<p><em>\u00ab\u00a0D\u2019ou\u0300 cela vient-il ? De la me\u0301diocrite\u0301 naturelle de l\u2019espe\u0300ce humaine. Si ce n\u2019e\u0301tait pas le cas, si nous e\u0301tions foncie\u0300rement honne\u0302tes, nous ne chercherions, dans tout de\u0301bat, qu\u2019a\u0300 faire surgir la ve\u0301rite\u0301, sans nous soucier de savoir si elle est conforme a\u0300 l\u2019opinion que nous avions d\u2019abord de\u0301fendue ou a\u0300 celle de l\u2019adversaire\u00a0\u00bb<\/em><\/p>\n<p>Je suis Kemi Seba mais pas jusqu&rsquo;au bout et pas de cette fa\u00e7on !<\/p>\n<p>&nbsp;<\/p>\n<\/div>\n<\/div>\n<\/div>\n<p>&nbsp;<\/p>\n","protected":false},"excerpt":{"rendered":"<p>Il vient de r\u00e9ussir un sacr\u00e9 coup m\u00e9diatique et strat\u00e9gique avec son arrestation pour avoir brul\u00e9 symboliquement un billet de FCFA. Le pol\u00e9miste panafricain Kemi Seba est sous le feu des critiques. Acte maladroit, improductif, s&rsquo;indignent certains observateurs. \u00ab\u00a0On tient l&rsquo;\u00e9l\u00e9ment d\u00e9clencheur de la r\u00e9volution en zone UEMOA et CEMAC\u00a0\u00bb, s&rsquo;enthousiasment d&rsquo;autres.Difficile de ne pas [&hellip;]<\/p>\n","protected":false},"author":2,"featured_media":1058,"comment_status":"open","ping_status":"open","sticky":false,"template":"","format":"status","meta":{"footnotes":""},"categories":[13],"tags":[26,52],"class_list":["post-901","post","type-post","status-publish","format-status","has-post-thumbnail","hentry","category-societe","tag-cfa","tag-kemi-seba","post_format-post-format-status"],"_links":{"self":[{"href":"https:\/\/goulyzia.net\/index.php\/wp-json\/wp\/v2\/posts\/901","targetHints":{"allow":["GET"]}}],"collection":[{"href":"https:\/\/goulyzia.net\/index.php\/wp-json\/wp\/v2\/posts"}],"about":[{"href":"https:\/\/goulyzia.net\/index.php\/wp-json\/wp\/v2\/types\/post"}],"author":[{"embeddable":true,"href":"https:\/\/goulyzia.net\/index.php\/wp-json\/wp\/v2\/users\/2"}],"replies":[{"embeddable":true,"href":"https:\/\/goulyzia.net\/index.php\/wp-json\/wp\/v2\/comments?post=901"}],"version-history":[{"count":1,"href":"https:\/\/goulyzia.net\/index.php\/wp-json\/wp\/v2\/posts\/901\/revisions"}],"predecessor-version":[{"id":4303,"href":"https:\/\/goulyzia.net\/index.php\/wp-json\/wp\/v2\/posts\/901\/revisions\/4303"}],"wp:featuredmedia":[{"embeddable":true,"href":"https:\/\/goulyzia.net\/index.php\/wp-json\/wp\/v2\/media\/1058"}],"wp:attachment":[{"href":"https:\/\/goulyzia.net\/index.php\/wp-json\/wp\/v2\/media?parent=901"}],"wp:term":[{"taxonomy":"category","embeddable":true,"href":"https:\/\/goulyzia.net\/index.php\/wp-json\/wp\/v2\/categories?post=901"},{"taxonomy":"post_tag","embeddable":true,"href":"https:\/\/goulyzia.net\/index.php\/wp-json\/wp\/v2\/tags?post=901"}],"curies":[{"name":"wp","href":"https:\/\/api.w.org\/{rel}","templated":true}]}}